{"id":7743,"date":"2024-10-16T06:12:32","date_gmt":"2024-10-16T06:12:32","guid":{"rendered":"https:\/\/www.domspro.eu\/?post_type=cpt_news&#038;p=7743"},"modified":"2024-10-16T07:12:29","modified_gmt":"2024-10-16T07:12:29","slug":"ouverture-zedelgem","status":"publish","type":"cpt_news","link":"https:\/\/www.domspro.eu\/fr\/news\/ouverture-zedelgem\/","title":{"rendered":"Ouverture Zedelgem"},"content":{"rendered":"\n<div class=\"block block-hero text-left  block-hero--onlyTitle  \">\n    <div class=\"block-hero__img \" style=\"background-image: url(https:\/\/www.domspro.eu\/wp-content\/uploads\/2024\/09\/DomsproZedelgem3-scaled.jpg)\"><\/div>\n    <div class=\"block-hero__content pt-30 pt-md-40 pt-lg-50 pb-0\">\n        <div class=\"container position-relative mt-30 mt-md-0\">\n            <div class=\"block-hero__mascot\" data-aos=\"fade-left\">\n                <img decoding=\"async\" src=\"https:\/\/www.domspro.eu\/wp-content\/themes\/ics\/build\/img\/doms-mascot.svg\">\n            <\/div>\n            <div class=\"row\">\n                <div class=\"col-10 mb-30\">\n                    \n                                    <\/div>\n            <\/div>\n            <div class=\"row\">\n                <div class=\"col-10\">\n                    <h1 class=\"block-hero__title text-white pb-0\" data-aos=\"fade-right\">D\u00e9couvrez notre nouvelle succursale \u00e0 Zedelgem !<\/h1>\n                <\/div>\n            <\/div>\n\n                    <\/div>\n    <\/div>\n<\/div>\n\n<div class=\"block block-spacer\" style=\"padding: 25px 0;\">\n    <\/div>\n\n\n<div class=\"wp-block-jetpack-layout-grid column1-desktop-grid__span-7 column1-desktop-grid__row-1 column2-desktop-grid__span-5 column2-desktop-grid__start-8 column2-desktop-grid__row-1 column1-tablet-grid__span-4 column1-tablet-grid__row-1 column2-tablet-grid__span-4 column2-tablet-grid__start-5 column2-tablet-grid__row-1 column1-mobile-grid__span-4 column1-mobile-grid__row-1 column2-mobile-grid__span-4 column2-mobile-grid__row-2\">\n<div class=\"wp-block-jetpack-layout-grid-column wp-block-jetpack-layout-grid__padding-none\">\n<div class=\"block block-editor pt-30 pt-md-40 pt-lg-50 pb-10\">\n    <div class=\"container\">        <div class=\"row\">\n            <div class=\"col-12\" data-aos=\"fade-up\">\n                <h2 style=\"color: #fb5f44; text-align: left;\">Domspro s&rsquo;agrandit avec une nouvelle succursale \u00e0 Zedelgem !<\/h2>\n<p>&nbsp;<\/p>\n<p>Nous sommes fiers d&rsquo;annoncer l&rsquo;ouverture de notre toute nouvelle succursale \u00e0 Zedelgem. En tant qu&rsquo;experts en cl\u00f4tures, portails et solutions d\u2019acc\u00e8s, nous fournissons depuis des ann\u00e9es des produits et services de haute qualit\u00e9 en Flandre. Apr\u00e8s nos succursales \u00e0 Brussegem, Geel et Hoogstraten, nous renfor\u00e7ons maintenant notre pr\u00e9sence en Flandre occidentale.<\/p>\n<h2 style=\"color: #fb5f44; text-align: left;\"><\/h2>\n            <\/div>\n        <\/div>\n    <\/div><\/div>\n\n\n<div class=\"block block-editor pt-10 pb-10\">\n    <div class=\"container\">        <div class=\"row\">\n            <div class=\"col-12\" data-aos=\"fade-up\">\n                <h2><strong>Sur-mesure et expertise comme valeurs essentielles<\/strong><\/h2>\n<p>&nbsp;<\/p>\n<p>Domspro est reconnu pour ses solutions sur mesure, sa connaissance approfondie et ses produits exclusifs. Que ce soit pour une cl\u00f4ture classique, un portail moderne ou une solutions d\u2019acc\u00e8s sp\u00e9cifique, nous proposons tout sur-mesure pour votre projet. Gr\u00e2ce \u00e0 notre exp\u00e9rience et notre savoir-faire, nous veillons \u00e0 ce que chaque mission soit r\u00e9alis\u00e9e avec pr\u00e9cision, tout en portant une attention particuli\u00e8re aux d\u00e9tails et \u00e0 la qualit\u00e9.<\/p>\n            <\/div>\n        <\/div>\n    <\/div><\/div><\/div>\n\n\n\n<div class=\"wp-block-jetpack-layout-grid-column wp-block-jetpack-layout-grid__padding-none\">\n<section class=\"block b-map pt-1 pb-1 \">\n    <div id=\"map\" class=\"c-map\" markerLabels=\"[]\" markerLats=\"[51.1137588]\" markerLngs=\"[3.1414946]\" markerZoom=\"14\"><\/div>\n<\/section>\n\n\n\n\n<div class=\"block block-editor pt-10 pb-10\">\n    <div class=\"container\">        <div class=\"row\">\n            <div class=\"col-12\" data-aos=\"fade-up\">\n                <p>\ud83d\udccdTorhoutsesteenweg 308 &#8211; B-8210 Zedelgem<\/p>\n<p>\ud83d\udce7 Zedelgem@domspro.eu<\/p>\n<p>\ud83d\udcde\u00a0+ 32 (0)50 74 06 39<\/p>\n<p><span data-contrast=\"auto\">\ud83d\udd65<\/span><span data-contrast=\"auto\">\u202f<strong>Heures d&rsquo;ouverture :<\/strong><\/span><strong>\u00a0<\/strong><\/p>\n<p><span data-contrast=\"auto\">Lundi : 7h30 \u2013 5h30<\/span><br \/>\n<span data-contrast=\"auto\">Mardi : 7h30 \u2013 5h30<br \/>\n<\/span><span data-contrast=\"auto\">Mercredi : 7h30 \u2013 5h30<br \/>\nJeudi : 7h30 \u2013 5h30<br \/>\nVendredi : 7h30 \u2013 5h00\u00a0<\/span><\/p>\n            <\/div>\n        <\/div>\n    <\/div><\/div><\/div>\n<\/div>\n\n\n\n<div class=\"wp-block-jetpack-layout-grid column1-desktop-grid__span-12 column1-desktop-grid__row-1 column1-tablet-grid__span-8 column1-tablet-grid__row-1 column1-mobile-grid__span-4 column1-mobile-grid__row-1\">\n<div class=\"wp-block-jetpack-layout-grid-column wp-block-jetpack-layout-grid__padding-none\">\n<div class=\"block block-editor pt-10 pb-10\">\n    <div class=\"container\">        <div class=\"row\">\n            <div class=\"col-12\" data-aos=\"fade-up\">\n                <h2><strong>One-stop fencing shop<\/strong><\/h2>\n<p>&nbsp;<\/p>\n<p>Chez Domspro, vous n&rsquo;avez plus besoin de chercher ailleurs. La nouvelle succursale \u00e0 Zedelgem confirme notre ambition d&rsquo;\u00eatre le one-stop fencing shop de r\u00e9f\u00e9rence en Flandre. Vous y trouverez un large assortiment de produits de qualit\u00e9, accompagn\u00e9 de conseils professionnels et d&rsquo;un excellent service. Qu&rsquo;il s&rsquo;agisse de solutions standards ou de projets enti\u00e8rement personnalis\u00e9s, nous avons tout ce qu&rsquo;il faut pour r\u00e9pondre aux besoins des particuliers comme des professionnels.<\/p>\n<p>Venez nous rendre visite \u00e0 Zedelgem et d\u00e9couvrez ce que Domspro peut faire pour vous. Notre \u00e9quipe d&rsquo;experts est pr\u00eate \u00e0 vous aider \u00e0 r\u00e9aliser tous vos projets de cl\u00f4tures et de portails !<\/p>\n<p>Commandez facilement via notre <a href=\"https:\/\/shop.domspro.eu\/fr-fr\/landingspages\/webservices-domspro\">shop en ligne<\/a> et choisissez le retrait dans notre nouvelle succursale \u00e0 Zedelgem. Vous r\u00e9cup\u00e9rerez rapidement vos articles tout en ayant l&rsquo;occasion de d\u00e9couvrir notre nouvelle succursale et de recevoir des conseils personnalis\u00e9s de notre \u00e9quipe.<\/p>\n            <\/div>\n        <\/div>\n    <\/div><\/div><\/div>\n<\/div>\n\n\n<div class=\"block block-spacer\" style=\"padding: 25px 0;\">\n    <\/div>\n\n\n<section class=\"block b-news-items pt-30 pt-md-40 pt-lg-60 pt-xl-70 pb-30 pb-md-40 pb-lg-60 pb-xl-70 bg-secondary-faded pt-40 pb-30\">\n    <div class=\"container\">\n                    <h2 class=\"mb-15 mb-lg-30\"> Nieuws<\/h2>\n        \n            \n        <div class=\"row b-news-items__wrapper b-posts-grid\">\n            \n<div class=\"col-12 col-md-6 col-lg-4 mb-20 mb-md-30\">\n    <div class=\"shadow d-flex flex-column b-news-items__item\">\n                    <a class=\"min-height-1\" href=\"https:\/\/www.domspro.eu\/fr\/news\/vacances-dete-2026\/\">\n                <div class=\"overflow-hidden\">\n                    <img loading=\"lazy\" decoding=\"async\" width=\"800\" height=\"600\" src=\"https:\/\/www.domspro.eu\/wp-content\/uploads\/2026\/06\/Uitgelichte-afbeelding-nieuws-4-800x600.png\" class=\"w-100 img-fluid wp-post-image\" alt=\"&lt;?= ; ?&gt;\" srcset=\"https:\/\/www.domspro.eu\/wp-content\/uploads\/2026\/06\/Uitgelichte-afbeelding-nieuws-4-800x600.png 800w, https:\/\/www.domspro.eu\/wp-content\/uploads\/2026\/06\/Uitgelichte-afbeelding-nieuws-4-1600x1200.png 1600w, https:\/\/www.domspro.eu\/wp-content\/uploads\/2026\/06\/Uitgelichte-afbeelding-nieuws-4-400x300.png 400w\" sizes=\"auto, (max-width: 800px) 100vw, 800px\" \/>                <\/div>\n            <\/a>\n        \n        <div class=\"bg-white text-dark d-flex flex-column flex-grow-1 p-20 p-md-30\">\n\n            <h4 class=\"text-dark font-weight-bold mb-10\">\n                Vacances d&rsquo;\u00e9t\u00e9 2026            <\/h4>\n\n            <div class=\"my-10 text-secondary font-weight-bold small\">\n                <i class=\"fas fa-calendar-alt mr-1\"><\/i>\n                15\/06\/2026            <\/div>\n\n            <p>\n                                    Domspro ferme ses portes pendant les cong\u00e9s de la construction. Consultez les dates de fermeture de nos filiales.                                <a class=\"d-inline text-dark font-weight-bold\" href=\"https:\/\/www.domspro.eu\/fr\/news\/vacances-dete-2026\/\">\n                    Lire plus                <\/a>\n            <\/p>\n\n        <\/div>\n    <\/div>\n<\/div>\n<div class=\"col-12 col-md-6 col-lg-4 mb-20 mb-md-30\">\n    <div class=\"shadow d-flex flex-column b-news-items__item\">\n                    <a class=\"min-height-1\" href=\"https:\/\/www.domspro.eu\/fr\/news\/conge-de-noel-2025\/\">\n                <div class=\"overflow-hidden\">\n                    <img loading=\"lazy\" decoding=\"async\" width=\"800\" height=\"600\" src=\"https:\/\/www.domspro.eu\/wp-content\/uploads\/2025\/12\/Uitgelichte-afbeelding-nieuws-800x600.png\" class=\"w-100 img-fluid wp-post-image\" alt=\"&lt;?= ; ?&gt;\" srcset=\"https:\/\/www.domspro.eu\/wp-content\/uploads\/2025\/12\/Uitgelichte-afbeelding-nieuws-800x600.png 800w, https:\/\/www.domspro.eu\/wp-content\/uploads\/2025\/12\/Uitgelichte-afbeelding-nieuws-1600x1200.png 1600w, https:\/\/www.domspro.eu\/wp-content\/uploads\/2025\/12\/Uitgelichte-afbeelding-nieuws-400x300.png 400w\" sizes=\"auto, (max-width: 800px) 100vw, 800px\" \/>                <\/div>\n            <\/a>\n        \n        <div class=\"bg-white text-dark d-flex flex-column flex-grow-1 p-20 p-md-30\">\n\n            <h4 class=\"text-dark font-weight-bold mb-10\">\n                Cong\u00e9 de No\u00ebl 2025            <\/h4>\n\n            <div class=\"my-10 text-secondary font-weight-bold small\">\n                <i class=\"fas fa-calendar-alt mr-1\"><\/i>\n                10\/12\/2025            <\/div>\n\n            <p>\n                                    Consultez les dates de fermeture de nos filiales ici. Toute l\u2019\u00e9quipe de Domspro vous souhaite ses meilleurs v\u0153ux pour 2026 !                                <a class=\"d-inline text-dark font-weight-bold\" href=\"https:\/\/www.domspro.eu\/fr\/news\/conge-de-noel-2025\/\">\n                    Lire plus                <\/a>\n            <\/p>\n\n        <\/div>\n    <\/div>\n<\/div>\n<div class=\"col-12 col-md-6 col-lg-4 mb-20 mb-md-30\">\n    <div class=\"shadow d-flex flex-column b-news-items__item\">\n                    <a class=\"min-height-1\" href=\"https:\/\/www.domspro.eu\/fr\/news\/vacances-dete-2025\/\">\n                <div class=\"overflow-hidden\">\n                    <img loading=\"lazy\" decoding=\"async\" width=\"800\" height=\"600\" src=\"https:\/\/www.domspro.eu\/wp-content\/uploads\/2024\/05\/vignette-summer-800x600.webp\" class=\"w-100 img-fluid wp-post-image\" alt=\"&lt;?= ; ?&gt;\" srcset=\"https:\/\/www.domspro.eu\/wp-content\/uploads\/2024\/05\/vignette-summer-800x600.webp 800w, https:\/\/www.domspro.eu\/wp-content\/uploads\/2024\/05\/vignette-summer-1600x1200.webp 1600w, https:\/\/www.domspro.eu\/wp-content\/uploads\/2024\/05\/vignette-summer-400x300.webp 400w, https:\/\/www.domspro.eu\/wp-content\/uploads\/2024\/05\/vignette-summer-290x218.webp 290w, https:\/\/www.domspro.eu\/wp-content\/uploads\/2024\/05\/vignette-summer.webp 600w\" sizes=\"auto, (max-width: 800px) 100vw, 800px\" \/>                <\/div>\n            <\/a>\n        \n        <div class=\"bg-white text-dark d-flex flex-column flex-grow-1 p-20 p-md-30\">\n\n            <h4 class=\"text-dark font-weight-bold mb-10\">\n                Vacances d&rsquo;\u00e9t\u00e9 2025            <\/h4>\n\n            <div class=\"my-10 text-secondary font-weight-bold small\">\n                <i class=\"fas fa-calendar-alt mr-1\"><\/i>\n                25\/06\/2025            <\/div>\n\n            <p>\n                                    Domspro ferme ses portes pendant la p\u00e9riode estivale. Consultez les dates de fermeture de nos filiales.                                <a class=\"d-inline text-dark font-weight-bold\" href=\"https:\/\/www.domspro.eu\/fr\/news\/vacances-dete-2025\/\">\n                    Lire plus                <\/a>\n            <\/p>\n\n        <\/div>\n    <\/div>\n<\/div>        <\/div>\n\n                    <div class=\"row mt-10\">\n                <div class=\"col-12 text-left\">\n                    <a class=\"btn btn-primary\" href=\"https:\/\/www.domspro.eu\/nieuws\/\" target=\"\">\n                        <i class=\"fas fa-arrow-right mr-1\"><\/i>\n                        Bekijk alle nieuwsberichten                    <\/a>\n                <\/div>\n            <\/div>\n        \n                    \n    <\/div>\n<\/section>","protected":false},"excerpt":{"rendered":"<p>Nous sommes fiers d&rsquo;annoncer l&rsquo;ouverture de notre toute nouvelle succursale \u00e0 Zedelgem. En tant qu&rsquo;experts en cl\u00f4tures, portails et solutions d\u2019acc\u00e8s, nous fournissons depuis des ann\u00e9es des produits et services de haute qualit\u00e9 en Flandre.<\/p>\n","protected":false},"featured_media":7868,"template":"","category_news":[],"class_list":["post-7743","cpt_news","type-cpt_news","status-publish","has-post-thumbnail","hentry"],"acf":[],"yoast_head":"<!-- This site is optimized with the Yoast SEO plugin v28.0 - https:\/\/yoast.com\/product\/yoast-seo-wordpress\/ -->\n<title>Ouverture Zedelgem | DomsPro<\/title>\n<meta name=\"robots\" content=\"index, follow, max-snippet:-1, max-image-preview:large, max-video-preview:-1\" \/>\n<link rel=\"canonical\" href=\"https:\/\/www.domspro.eu\/fr\/news\/ouverture-zedelgem\/\" \/>\n<meta property=\"og:locale\" content=\"fr_FR\" \/>\n<meta property=\"og:type\" content=\"article\" \/>\n<meta property=\"og:title\" content=\"Ouverture Zedelgem | DomsPro\" \/>\n<meta property=\"og:description\" content=\"Nous sommes fiers d&#039;annoncer l&#039;ouverture de notre toute nouvelle succursale \u00e0 Zedelgem. En tant qu&#039;experts en cl\u00f4tures, portails et solutions d\u2019acc\u00e8s, nous fournissons depuis des ann\u00e9es des produits et services de haute qualit\u00e9 en Flandre.\" \/>\n<meta property=\"og:url\" content=\"https:\/\/www.domspro.eu\/fr\/news\/ouverture-zedelgem\/\" \/>\n<meta property=\"og:site_name\" content=\"DomsPro\" \/>\n<meta property=\"article:modified_time\" content=\"2024-10-16T07:12:29+00:00\" \/>\n<meta property=\"og:image\" content=\"https:\/\/www.domspro.eu\/wp-content\/uploads\/2024\/09\/DomsproZedelgem3-scaled.jpg\" \/>\n\t<meta property=\"og:image:width\" content=\"2560\" \/>\n\t<meta property=\"og:image:height\" content=\"1920\" \/>\n\t<meta property=\"og:image:type\" content=\"image\/jpeg\" \/>\n<meta name=\"twitter:card\" content=\"summary_large_image\" \/>\n<meta name=\"twitter:label1\" content=\"Dur\u00e9e de lecture estim\u00e9e\" \/>\n\t<meta name=\"twitter:data1\" content=\"1 minute\" \/>\n<script type=\"application\/ld+json\" class=\"yoast-schema-graph\">{\"@context\":\"https:\\\/\\\/schema.org\",\"@graph\":[{\"@type\":\"WebPage\",\"@id\":\"https:\\\/\\\/www.domspro.eu\\\/fr\\\/news\\\/ouverture-zedelgem\\\/\",\"url\":\"https:\\\/\\\/www.domspro.eu\\\/fr\\\/news\\\/ouverture-zedelgem\\\/\",\"name\":\"Ouverture Zedelgem | DomsPro\",\"isPartOf\":{\"@id\":\"https:\\\/\\\/www.domspro.eu\\\/#website\"},\"primaryImageOfPage\":{\"@id\":\"https:\\\/\\\/www.domspro.eu\\\/fr\\\/news\\\/ouverture-zedelgem\\\/#primaryimage\"},\"image\":{\"@id\":\"https:\\\/\\\/www.domspro.eu\\\/fr\\\/news\\\/ouverture-zedelgem\\\/#primaryimage\"},\"thumbnailUrl\":\"https:\\\/\\\/www.domspro.eu\\\/wp-content\\\/uploads\\\/2024\\\/09\\\/DomsproZedelgem3-scaled.jpg\",\"datePublished\":\"2024-10-16T06:12:32+00:00\",\"dateModified\":\"2024-10-16T07:12:29+00:00\",\"breadcrumb\":{\"@id\":\"https:\\\/\\\/www.domspro.eu\\\/fr\\\/news\\\/ouverture-zedelgem\\\/#breadcrumb\"},\"inLanguage\":\"fr-FR\",\"potentialAction\":[{\"@type\":\"ReadAction\",\"target\":[\"https:\\\/\\\/www.domspro.eu\\\/fr\\\/news\\\/ouverture-zedelgem\\\/\"]}]},{\"@type\":\"ImageObject\",\"inLanguage\":\"fr-FR\",\"@id\":\"https:\\\/\\\/www.domspro.eu\\\/fr\\\/news\\\/ouverture-zedelgem\\\/#primaryimage\",\"url\":\"https:\\\/\\\/www.domspro.eu\\\/wp-content\\\/uploads\\\/2024\\\/09\\\/DomsproZedelgem3-scaled.jpg\",\"contentUrl\":\"https:\\\/\\\/www.domspro.eu\\\/wp-content\\\/uploads\\\/2024\\\/09\\\/DomsproZedelgem3-scaled.jpg\",\"width\":2560,\"height\":1920,\"caption\":\"Domspro gebouw in Zedelgem\"},{\"@type\":\"BreadcrumbList\",\"@id\":\"https:\\\/\\\/www.domspro.eu\\\/fr\\\/news\\\/ouverture-zedelgem\\\/#breadcrumb\",\"itemListElement\":[{\"@type\":\"ListItem\",\"position\":1,\"name\":\"Home\",\"item\":\"https:\\\/\\\/www.domspro.eu\\\/fr\\\/\"},{\"@type\":\"ListItem\",\"position\":2,\"name\":\"Ouverture Zedelgem\"}]},{\"@type\":\"WebSite\",\"@id\":\"https:\\\/\\\/www.domspro.eu\\\/#website\",\"url\":\"https:\\\/\\\/www.domspro.eu\\\/\",\"name\":\"DomsPro\",\"description\":\"Buitenaanleg voor de professional\",\"potentialAction\":[{\"@type\":\"SearchAction\",\"target\":{\"@type\":\"EntryPoint\",\"urlTemplate\":\"https:\\\/\\\/www.domspro.eu\\\/?s={search_term_string}\"},\"query-input\":{\"@type\":\"PropertyValueSpecification\",\"valueRequired\":true,\"valueName\":\"search_term_string\"}}],\"inLanguage\":\"fr-FR\"}]}<\/script>\n<!-- \/ Yoast SEO plugin. -->","yoast_head_json":{"title":"Ouverture Zedelgem | DomsPro","robots":{"index":"index","follow":"follow","max-snippet":"max-snippet:-1","max-image-preview":"max-image-preview:large","max-video-preview":"max-video-preview:-1"},"canonical":"https:\/\/www.domspro.eu\/fr\/news\/ouverture-zedelgem\/","og_locale":"fr_FR","og_type":"article","og_title":"Ouverture Zedelgem | DomsPro","og_description":"Nous sommes fiers d'annoncer l'ouverture de notre toute nouvelle succursale \u00e0 Zedelgem. En tant qu'experts en cl\u00f4tures, portails et solutions d\u2019acc\u00e8s, nous fournissons depuis des ann\u00e9es des produits et services de haute qualit\u00e9 en Flandre.","og_url":"https:\/\/www.domspro.eu\/fr\/news\/ouverture-zedelgem\/","og_site_name":"DomsPro","article_modified_time":"2024-10-16T07:12:29+00:00","og_image":[{"width":2560,"height":1920,"url":"https:\/\/www.domspro.eu\/wp-content\/uploads\/2024\/09\/DomsproZedelgem3-scaled.jpg","type":"image\/jpeg"}],"twitter_card":"summary_large_image","twitter_misc":{"Dur\u00e9e de lecture estim\u00e9e":"1 minute"},"schema":{"@context":"https:\/\/schema.org","@graph":[{"@type":"WebPage","@id":"https:\/\/www.domspro.eu\/fr\/news\/ouverture-zedelgem\/","url":"https:\/\/www.domspro.eu\/fr\/news\/ouverture-zedelgem\/","name":"Ouverture Zedelgem | DomsPro","isPartOf":{"@id":"https:\/\/www.domspro.eu\/#website"},"primaryImageOfPage":{"@id":"https:\/\/www.domspro.eu\/fr\/news\/ouverture-zedelgem\/#primaryimage"},"image":{"@id":"https:\/\/www.domspro.eu\/fr\/news\/ouverture-zedelgem\/#primaryimage"},"thumbnailUrl":"https:\/\/www.domspro.eu\/wp-content\/uploads\/2024\/09\/DomsproZedelgem3-scaled.jpg","datePublished":"2024-10-16T06:12:32+00:00","dateModified":"2024-10-16T07:12:29+00:00","breadcrumb":{"@id":"https:\/\/www.domspro.eu\/fr\/news\/ouverture-zedelgem\/#breadcrumb"},"inLanguage":"fr-FR","potentialAction":[{"@type":"ReadAction","target":["https:\/\/www.domspro.eu\/fr\/news\/ouverture-zedelgem\/"]}]},{"@type":"ImageObject","inLanguage":"fr-FR","@id":"https:\/\/www.domspro.eu\/fr\/news\/ouverture-zedelgem\/#primaryimage","url":"https:\/\/www.domspro.eu\/wp-content\/uploads\/2024\/09\/DomsproZedelgem3-scaled.jpg","contentUrl":"https:\/\/www.domspro.eu\/wp-content\/uploads\/2024\/09\/DomsproZedelgem3-scaled.jpg","width":2560,"height":1920,"caption":"Domspro gebouw in Zedelgem"},{"@type":"BreadcrumbList","@id":"https:\/\/www.domspro.eu\/fr\/news\/ouverture-zedelgem\/#breadcrumb","itemListElement":[{"@type":"ListItem","position":1,"name":"Home","item":"https:\/\/www.domspro.eu\/fr\/"},{"@type":"ListItem","position":2,"name":"Ouverture Zedelgem"}]},{"@type":"WebSite","@id":"https:\/\/www.domspro.eu\/#website","url":"https:\/\/www.domspro.eu\/","name":"DomsPro","description":"Buitenaanleg voor de professional","potentialAction":[{"@type":"SearchAction","target":{"@type":"EntryPoint","urlTemplate":"https:\/\/www.domspro.eu\/?s={search_term_string}"},"query-input":{"@type":"PropertyValueSpecification","valueRequired":true,"valueName":"search_term_string"}}],"inLanguage":"fr-FR"}]}},"_links":{"self":[{"href":"https:\/\/www.domspro.eu\/fr\/wp-json\/wp\/v2\/cpt_news\/7743","targetHints":{"allow":["GET"]}}],"collection":[{"href":"https:\/\/www.domspro.eu\/fr\/wp-json\/wp\/v2\/cpt_news"}],"about":[{"href":"https:\/\/www.domspro.eu\/fr\/wp-json\/wp\/v2\/types\/cpt_news"}],"version-history":[{"count":0,"href":"https:\/\/www.domspro.eu\/fr\/wp-json\/wp\/v2\/cpt_news\/7743\/revisions"}],"wp:featuredmedia":[{"embeddable":true,"href":"https:\/\/www.domspro.eu\/fr\/wp-json\/wp\/v2\/media\/7868"}],"wp:attachment":[{"href":"https:\/\/www.domspro.eu\/fr\/wp-json\/wp\/v2\/media?parent=7743"}],"wp:term":[{"taxonomy":"category_news","embeddable":true,"href":"https:\/\/www.domspro.eu\/fr\/wp-json\/wp\/v2\/category_news?post=7743"}],"curies":[{"name":"wp","href":"https:\/\/api.w.org\/{rel}","templated":true}]}}