{"id":5463,"date":"2024-03-04T07:48:56","date_gmt":"2024-03-04T07:48:56","guid":{"rendered":"https:\/\/www.domspro.eu\/?post_type=cpt_news&#038;p=5463"},"modified":"2024-04-16T08:21:24","modified_gmt":"2024-04-16T08:21:24","slug":"promotion-sur-les-planches-a-tenon-et-mortaise","status":"publish","type":"cpt_news","link":"https:\/\/www.domspro.eu\/fr\/news\/promotion-sur-les-planches-a-tenon-et-mortaise\/","title":{"rendered":"Promotion sur les planches \u00e0 tenon et mortaise"},"content":{"rendered":"\n<div class=\"block block-hero text-left  block-hero--onlyTitle  \">\n    <div class=\"block-hero__img overlay\" style=\"background-image: url(https:\/\/www.domspro.eu\/wp-content\/uploads\/2023\/10\/Houten-planken.jpg)\"><\/div>\n    <div class=\"block-hero__content pt-30 pt-md-40 pt-lg-50 pb-0\">\n        <div class=\"container position-relative mt-30 mt-md-0\">\n            <div class=\"block-hero__mascot\" data-aos=\"fade-left\">\n                <img decoding=\"async\" src=\"https:\/\/www.domspro.eu\/wp-content\/themes\/ics\/build\/img\/doms-mascot.svg\">\n            <\/div>\n            <div class=\"row\">\n                <div class=\"col-10 mb-30\">\n                    \n                                    <\/div>\n            <\/div>\n            <div class=\"row\">\n                <div class=\"col-10\">\n                    <h1 class=\"block-hero__title text-white pb-0\" data-aos=\"fade-right\">Promotion sur les planches \u00e0 tenon et mortaise<\/h1>\n                <\/div>\n            <\/div>\n\n                    <\/div>\n    <\/div>\n<\/div>\n\n\n<div class=\"wp-block-jetpack-layout-grid column1-desktop-grid__span-8 column1-desktop-grid__row-1 column2-desktop-grid__span-4 column2-desktop-grid__start-9 column2-desktop-grid__row-1 column1-tablet-grid__span-4 column1-tablet-grid__row-1 column2-tablet-grid__span-4 column2-tablet-grid__start-5 column2-tablet-grid__row-1 column1-mobile-grid__span-4 column1-mobile-grid__row-1 column2-mobile-grid__span-4 column2-mobile-grid__row-2\">\n<div class=\"wp-block-jetpack-layout-grid-column wp-block-jetpack-layout-grid__padding-none\">\n<div class=\"block block-editor pt-30 pt-md-40 pt-lg-50 pb-10\">\n    <div class=\"container\">        <div class=\"row\">\n            <div class=\"col-12\" data-aos=\"fade-up\">\n                <p>Le printemps arrive et chez Domspro, l&rsquo;excitation commence \u00e0 se faire sentir. Soyez pr\u00eat pour le printemps et faites d\u00e8s maintenant <strong>votre stock de planches \u00e0 tenon et mortaise \u00e0 prix promotionnels<\/strong>.<\/p>\n<p>Vous avez le choix entre des planches trait\u00e9es ou en Thermowood. Tout au long du mois de mars, nous offrons <strong>10% de r\u00e9duction sur les prix des palettes<\/strong>.<\/p>\n<p>De plus, vous recevrez <strong>1% de r\u00e9duction suppl\u00e9mentaire<\/strong> si vous commandez en ligne.<\/p>\n<p><a class=\"button-shop\" href=\"https:\/\/shop.domspro.eu\/fr-fr\/productsearch\/search?cc=27784&amp;pv=33618&amp;lpvc=647:33603:2,647:33618:4&amp;pvov=29843:13|24072:38|33603:38|20883:332|29136:332|33618:332&amp;t=1708971468894\" target=\"_blank\" rel=\"noopener\">Acheter des planches \u00e0 tenon et mortaise<i class=\"fa fa-shopping-cart\"><\/i><\/a><\/p>\n            <\/div>\n        <\/div>\n    <\/div><\/div><\/div>\n\n\n\n<div class=\"wp-block-jetpack-layout-grid-column wp-block-jetpack-layout-grid__padding-none\"><div class=\"block block-image pt-15 pt-md-20 pt-lg-30 \">\n    <div class=\"container\">                <figure class=\"mx-auto\" style=\"max-width: px\" data-aos=\"fade-up\">\n            <img loading=\"lazy\" decoding=\"async\" width=\"600\" height=\"600\" src=\"https:\/\/www.domspro.eu\/wp-content\/uploads\/2024\/02\/Design-sans-titre.png\" class=\"img-fluid\" alt=\"Promotie 10% op tand-en groefplanken\" title=\"Design sans titre\" srcset=\"https:\/\/www.domspro.eu\/wp-content\/uploads\/2024\/02\/Design-sans-titre.png 600w, https:\/\/www.domspro.eu\/wp-content\/uploads\/2024\/02\/Design-sans-titre-200x200.png 200w, https:\/\/www.domspro.eu\/wp-content\/uploads\/2024\/02\/Design-sans-titre-290x290.png 290w\" sizes=\"auto, (max-width: 600px) 100vw, 600px\" \/>        <\/figure>\n                    <\/div><\/div><\/div>\n<\/div>\n\n\n<div class=\"block block-spacer\" style=\"padding: 5px 0;\">\n    <\/div>\n\n\n<section class=\"block b-news-items pt-30 pt-md-40 pt-lg-60 pt-xl-70 pb-30 pb-md-40 pb-lg-60 pb-xl-70 bg-secondary-faded pt-40 pb-30\">\n    <div class=\"container\">\n                    <h2 class=\"mb-15 mb-lg-30\">News<\/h2>\n        \n            \n        <div class=\"row b-news-items__wrapper b-posts-grid\">\n            \n<div class=\"col-12 col-md-6 col-lg-4 mb-20 mb-md-30\">\n    <div class=\"shadow d-flex flex-column b-news-items__item\">\n                    <a class=\"min-height-1\" href=\"https:\/\/www.domspro.eu\/fr\/news\/vacances-dete-2026\/\">\n                <div class=\"overflow-hidden\">\n                    <img loading=\"lazy\" decoding=\"async\" width=\"800\" height=\"600\" src=\"https:\/\/www.domspro.eu\/wp-content\/uploads\/2026\/06\/Uitgelichte-afbeelding-nieuws-4-800x600.png\" class=\"w-100 img-fluid wp-post-image\" alt=\"&lt;?= ; ?&gt;\" srcset=\"https:\/\/www.domspro.eu\/wp-content\/uploads\/2026\/06\/Uitgelichte-afbeelding-nieuws-4-800x600.png 800w, https:\/\/www.domspro.eu\/wp-content\/uploads\/2026\/06\/Uitgelichte-afbeelding-nieuws-4-1600x1200.png 1600w, https:\/\/www.domspro.eu\/wp-content\/uploads\/2026\/06\/Uitgelichte-afbeelding-nieuws-4-400x300.png 400w\" sizes=\"auto, (max-width: 800px) 100vw, 800px\" \/>                <\/div>\n            <\/a>\n        \n        <div class=\"bg-white text-dark d-flex flex-column flex-grow-1 p-20 p-md-30\">\n\n            <h4 class=\"text-dark font-weight-bold mb-10\">\n                Vacances d&rsquo;\u00e9t\u00e9 2026            <\/h4>\n\n            <div class=\"my-10 text-secondary font-weight-bold small\">\n                <i class=\"fas fa-calendar-alt mr-1\"><\/i>\n                15\/06\/2026            <\/div>\n\n            <p>\n                                    Domspro ferme ses portes pendant les cong\u00e9s de la construction. Consultez les dates de fermeture de nos filiales.                                <a class=\"d-inline text-dark font-weight-bold\" href=\"https:\/\/www.domspro.eu\/fr\/news\/vacances-dete-2026\/\">\n                    Lire plus                <\/a>\n            <\/p>\n\n        <\/div>\n    <\/div>\n<\/div>\n<div class=\"col-12 col-md-6 col-lg-4 mb-20 mb-md-30\">\n    <div class=\"shadow d-flex flex-column b-news-items__item\">\n                    <a class=\"min-height-1\" href=\"https:\/\/www.domspro.eu\/fr\/news\/conge-de-noel-2025\/\">\n                <div class=\"overflow-hidden\">\n                    <img loading=\"lazy\" decoding=\"async\" width=\"800\" height=\"600\" src=\"https:\/\/www.domspro.eu\/wp-content\/uploads\/2025\/12\/Uitgelichte-afbeelding-nieuws-800x600.png\" class=\"w-100 img-fluid wp-post-image\" alt=\"&lt;?= ; ?&gt;\" srcset=\"https:\/\/www.domspro.eu\/wp-content\/uploads\/2025\/12\/Uitgelichte-afbeelding-nieuws-800x600.png 800w, https:\/\/www.domspro.eu\/wp-content\/uploads\/2025\/12\/Uitgelichte-afbeelding-nieuws-1600x1200.png 1600w, https:\/\/www.domspro.eu\/wp-content\/uploads\/2025\/12\/Uitgelichte-afbeelding-nieuws-400x300.png 400w\" sizes=\"auto, (max-width: 800px) 100vw, 800px\" \/>                <\/div>\n            <\/a>\n        \n        <div class=\"bg-white text-dark d-flex flex-column flex-grow-1 p-20 p-md-30\">\n\n            <h4 class=\"text-dark font-weight-bold mb-10\">\n                Cong\u00e9 de No\u00ebl 2025            <\/h4>\n\n            <div class=\"my-10 text-secondary font-weight-bold small\">\n                <i class=\"fas fa-calendar-alt mr-1\"><\/i>\n                10\/12\/2025            <\/div>\n\n            <p>\n                                    Consultez les dates de fermeture de nos filiales ici. Toute l\u2019\u00e9quipe de Domspro vous souhaite ses meilleurs v\u0153ux pour 2026 !                                <a class=\"d-inline text-dark font-weight-bold\" href=\"https:\/\/www.domspro.eu\/fr\/news\/conge-de-noel-2025\/\">\n                    Lire plus                <\/a>\n            <\/p>\n\n        <\/div>\n    <\/div>\n<\/div>\n<div class=\"col-12 col-md-6 col-lg-4 mb-20 mb-md-30\">\n    <div class=\"shadow d-flex flex-column b-news-items__item\">\n                    <a class=\"min-height-1\" href=\"https:\/\/www.domspro.eu\/fr\/news\/vacances-dete-2025\/\">\n                <div class=\"overflow-hidden\">\n                    <img loading=\"lazy\" decoding=\"async\" width=\"800\" height=\"600\" src=\"https:\/\/www.domspro.eu\/wp-content\/uploads\/2024\/05\/vignette-summer-800x600.webp\" class=\"w-100 img-fluid wp-post-image\" alt=\"&lt;?= ; ?&gt;\" srcset=\"https:\/\/www.domspro.eu\/wp-content\/uploads\/2024\/05\/vignette-summer-800x600.webp 800w, https:\/\/www.domspro.eu\/wp-content\/uploads\/2024\/05\/vignette-summer-1600x1200.webp 1600w, https:\/\/www.domspro.eu\/wp-content\/uploads\/2024\/05\/vignette-summer-400x300.webp 400w, https:\/\/www.domspro.eu\/wp-content\/uploads\/2024\/05\/vignette-summer-290x218.webp 290w, https:\/\/www.domspro.eu\/wp-content\/uploads\/2024\/05\/vignette-summer.webp 600w\" sizes=\"auto, (max-width: 800px) 100vw, 800px\" \/>                <\/div>\n            <\/a>\n        \n        <div class=\"bg-white text-dark d-flex flex-column flex-grow-1 p-20 p-md-30\">\n\n            <h4 class=\"text-dark font-weight-bold mb-10\">\n                Vacances d&rsquo;\u00e9t\u00e9 2025            <\/h4>\n\n            <div class=\"my-10 text-secondary font-weight-bold small\">\n                <i class=\"fas fa-calendar-alt mr-1\"><\/i>\n                25\/06\/2025            <\/div>\n\n            <p>\n                                    Domspro ferme ses portes pendant la p\u00e9riode estivale. Consultez les dates de fermeture de nos filiales.                                <a class=\"d-inline text-dark font-weight-bold\" href=\"https:\/\/www.domspro.eu\/fr\/news\/vacances-dete-2025\/\">\n                    Lire plus                <\/a>\n            <\/p>\n\n        <\/div>\n    <\/div>\n<\/div>        <\/div>\n\n                    <div class=\"row mt-10\">\n                <div class=\"col-12 text-left\">\n                    <a class=\"btn btn-primary\" href=\"https:\/\/www.domspro.eu\/fr\/news\/\" target=\"\">\n                        <i class=\"fas fa-arrow-right mr-1\"><\/i>\n                        Voir toutes les news                    <\/a>\n                <\/div>\n            <\/div>\n        \n                    \n    <\/div>\n<\/section>\n\n\n<div class=\"block block-editor pt-10 pb-10\">\n    <div class=\"container\">        <div class=\"row\">\n            <div class=\"col-12\" data-aos=\"fade-up\">\n                <style>\n.button-shop{padding: 9px 15px; color: white; background:#FB5F44; border-radius:5px; font-weight:bold; font-size:16px;}\n.button-shop:hover{background: #fdc3b1; color: #fff; text-decoration:none !important; }\n.button-shop i {margin: 0 4px 0 10px; }\n<\/style>\n            <\/div>\n        <\/div>\n    <\/div><\/div>","protected":false},"excerpt":{"rendered":"<p>Promotion chez Domspro : planches \u00e0 tenon et mortaise avec 10% de r\u00e9duction en mars ! Commandez en ligne.<\/p>\n","protected":false},"featured_media":5437,"template":"","category_news":[],"class_list":["post-5463","cpt_news","type-cpt_news","status-publish","has-post-thumbnail","hentry"],"acf":[],"yoast_head":"<!-- This site is optimized with the Yoast SEO plugin v28.0 - https:\/\/yoast.com\/product\/yoast-seo-wordpress\/ -->\n<title>Promotion sur les planches \u00e0 tenon et mortaise | DomsPro<\/title>\n<meta name=\"description\" content=\"Pr\u00e9parez-vous pour le printemps avec nos prix sp\u00e9ciaux tout le mois de mars. Choisissez entre traitements ou Thermowood et \u00e9conomisez 10% sur les palettes.\" \/>\n<meta name=\"robots\" content=\"index, follow, max-snippet:-1, max-image-preview:large, max-video-preview:-1\" \/>\n<link rel=\"canonical\" href=\"https:\/\/www.domspro.eu\/fr\/news\/promotion-sur-les-planches-a-tenon-et-mortaise\/\" \/>\n<meta property=\"og:locale\" content=\"fr_FR\" \/>\n<meta property=\"og:type\" content=\"article\" \/>\n<meta property=\"og:title\" content=\"Promotion sur les planches \u00e0 tenon et mortaise | DomsPro\" \/>\n<meta property=\"og:description\" content=\"Pr\u00e9parez-vous pour le printemps avec nos prix sp\u00e9ciaux tout le mois de mars. Choisissez entre traitements ou Thermowood et \u00e9conomisez 10% sur les palettes.\" \/>\n<meta property=\"og:url\" content=\"https:\/\/www.domspro.eu\/fr\/news\/promotion-sur-les-planches-a-tenon-et-mortaise\/\" \/>\n<meta property=\"og:site_name\" content=\"DomsPro\" \/>\n<meta property=\"article:modified_time\" content=\"2024-04-16T08:21:24+00:00\" \/>\n<meta property=\"og:image\" content=\"https:\/\/www.domspro.eu\/wp-content\/uploads\/2024\/02\/Design-sans-titre.png\" \/>\n\t<meta property=\"og:image:width\" content=\"600\" \/>\n\t<meta property=\"og:image:height\" content=\"600\" \/>\n\t<meta property=\"og:image:type\" content=\"image\/png\" \/>\n<meta name=\"twitter:card\" content=\"summary_large_image\" \/>\n<meta name=\"twitter:label1\" content=\"Dur\u00e9e de lecture estim\u00e9e\" \/>\n\t<meta name=\"twitter:data1\" content=\"1 minute\" \/>\n<script type=\"application\/ld+json\" class=\"yoast-schema-graph\">{\"@context\":\"https:\\\/\\\/schema.org\",\"@graph\":[{\"@type\":\"WebPage\",\"@id\":\"https:\\\/\\\/www.domspro.eu\\\/fr\\\/news\\\/promotion-sur-les-planches-a-tenon-et-mortaise\\\/\",\"url\":\"https:\\\/\\\/www.domspro.eu\\\/fr\\\/news\\\/promotion-sur-les-planches-a-tenon-et-mortaise\\\/\",\"name\":\"Promotion sur les planches \u00e0 tenon et mortaise | DomsPro\",\"isPartOf\":{\"@id\":\"https:\\\/\\\/www.domspro.eu\\\/#website\"},\"primaryImageOfPage\":{\"@id\":\"https:\\\/\\\/www.domspro.eu\\\/fr\\\/news\\\/promotion-sur-les-planches-a-tenon-et-mortaise\\\/#primaryimage\"},\"image\":{\"@id\":\"https:\\\/\\\/www.domspro.eu\\\/fr\\\/news\\\/promotion-sur-les-planches-a-tenon-et-mortaise\\\/#primaryimage\"},\"thumbnailUrl\":\"https:\\\/\\\/www.domspro.eu\\\/wp-content\\\/uploads\\\/2024\\\/02\\\/Design-sans-titre.png\",\"datePublished\":\"2024-03-04T07:48:56+00:00\",\"dateModified\":\"2024-04-16T08:21:24+00:00\",\"description\":\"Pr\u00e9parez-vous pour le printemps avec nos prix sp\u00e9ciaux tout le mois de mars. Choisissez entre traitements ou Thermowood et \u00e9conomisez 10% sur les palettes.\",\"breadcrumb\":{\"@id\":\"https:\\\/\\\/www.domspro.eu\\\/fr\\\/news\\\/promotion-sur-les-planches-a-tenon-et-mortaise\\\/#breadcrumb\"},\"inLanguage\":\"fr-FR\",\"potentialAction\":[{\"@type\":\"ReadAction\",\"target\":[\"https:\\\/\\\/www.domspro.eu\\\/fr\\\/news\\\/promotion-sur-les-planches-a-tenon-et-mortaise\\\/\"]}]},{\"@type\":\"ImageObject\",\"inLanguage\":\"fr-FR\",\"@id\":\"https:\\\/\\\/www.domspro.eu\\\/fr\\\/news\\\/promotion-sur-les-planches-a-tenon-et-mortaise\\\/#primaryimage\",\"url\":\"https:\\\/\\\/www.domspro.eu\\\/wp-content\\\/uploads\\\/2024\\\/02\\\/Design-sans-titre.png\",\"contentUrl\":\"https:\\\/\\\/www.domspro.eu\\\/wp-content\\\/uploads\\\/2024\\\/02\\\/Design-sans-titre.png\",\"width\":600,\"height\":600,\"caption\":\"Promotion 10%\"},{\"@type\":\"BreadcrumbList\",\"@id\":\"https:\\\/\\\/www.domspro.eu\\\/fr\\\/news\\\/promotion-sur-les-planches-a-tenon-et-mortaise\\\/#breadcrumb\",\"itemListElement\":[{\"@type\":\"ListItem\",\"position\":1,\"name\":\"Home\",\"item\":\"https:\\\/\\\/www.domspro.eu\\\/fr\\\/\"},{\"@type\":\"ListItem\",\"position\":2,\"name\":\"Promotion sur les planches \u00e0 tenon et mortaise\"}]},{\"@type\":\"WebSite\",\"@id\":\"https:\\\/\\\/www.domspro.eu\\\/#website\",\"url\":\"https:\\\/\\\/www.domspro.eu\\\/\",\"name\":\"DomsPro\",\"description\":\"Buitenaanleg voor de professional\",\"potentialAction\":[{\"@type\":\"SearchAction\",\"target\":{\"@type\":\"EntryPoint\",\"urlTemplate\":\"https:\\\/\\\/www.domspro.eu\\\/?s={search_term_string}\"},\"query-input\":{\"@type\":\"PropertyValueSpecification\",\"valueRequired\":true,\"valueName\":\"search_term_string\"}}],\"inLanguage\":\"fr-FR\"}]}<\/script>\n<!-- \/ Yoast SEO plugin. -->","yoast_head_json":{"title":"Promotion sur les planches \u00e0 tenon et mortaise | DomsPro","description":"Pr\u00e9parez-vous pour le printemps avec nos prix sp\u00e9ciaux tout le mois de mars. Choisissez entre traitements ou Thermowood et \u00e9conomisez 10% sur les palettes.","robots":{"index":"index","follow":"follow","max-snippet":"max-snippet:-1","max-image-preview":"max-image-preview:large","max-video-preview":"max-video-preview:-1"},"canonical":"https:\/\/www.domspro.eu\/fr\/news\/promotion-sur-les-planches-a-tenon-et-mortaise\/","og_locale":"fr_FR","og_type":"article","og_title":"Promotion sur les planches \u00e0 tenon et mortaise | DomsPro","og_description":"Pr\u00e9parez-vous pour le printemps avec nos prix sp\u00e9ciaux tout le mois de mars. Choisissez entre traitements ou Thermowood et \u00e9conomisez 10% sur les palettes.","og_url":"https:\/\/www.domspro.eu\/fr\/news\/promotion-sur-les-planches-a-tenon-et-mortaise\/","og_site_name":"DomsPro","article_modified_time":"2024-04-16T08:21:24+00:00","og_image":[{"width":600,"height":600,"url":"https:\/\/www.domspro.eu\/wp-content\/uploads\/2024\/02\/Design-sans-titre.png","type":"image\/png"}],"twitter_card":"summary_large_image","twitter_misc":{"Dur\u00e9e de lecture estim\u00e9e":"1 minute"},"schema":{"@context":"https:\/\/schema.org","@graph":[{"@type":"WebPage","@id":"https:\/\/www.domspro.eu\/fr\/news\/promotion-sur-les-planches-a-tenon-et-mortaise\/","url":"https:\/\/www.domspro.eu\/fr\/news\/promotion-sur-les-planches-a-tenon-et-mortaise\/","name":"Promotion sur les planches \u00e0 tenon et mortaise | DomsPro","isPartOf":{"@id":"https:\/\/www.domspro.eu\/#website"},"primaryImageOfPage":{"@id":"https:\/\/www.domspro.eu\/fr\/news\/promotion-sur-les-planches-a-tenon-et-mortaise\/#primaryimage"},"image":{"@id":"https:\/\/www.domspro.eu\/fr\/news\/promotion-sur-les-planches-a-tenon-et-mortaise\/#primaryimage"},"thumbnailUrl":"https:\/\/www.domspro.eu\/wp-content\/uploads\/2024\/02\/Design-sans-titre.png","datePublished":"2024-03-04T07:48:56+00:00","dateModified":"2024-04-16T08:21:24+00:00","description":"Pr\u00e9parez-vous pour le printemps avec nos prix sp\u00e9ciaux tout le mois de mars. Choisissez entre traitements ou Thermowood et \u00e9conomisez 10% sur les palettes.","breadcrumb":{"@id":"https:\/\/www.domspro.eu\/fr\/news\/promotion-sur-les-planches-a-tenon-et-mortaise\/#breadcrumb"},"inLanguage":"fr-FR","potentialAction":[{"@type":"ReadAction","target":["https:\/\/www.domspro.eu\/fr\/news\/promotion-sur-les-planches-a-tenon-et-mortaise\/"]}]},{"@type":"ImageObject","inLanguage":"fr-FR","@id":"https:\/\/www.domspro.eu\/fr\/news\/promotion-sur-les-planches-a-tenon-et-mortaise\/#primaryimage","url":"https:\/\/www.domspro.eu\/wp-content\/uploads\/2024\/02\/Design-sans-titre.png","contentUrl":"https:\/\/www.domspro.eu\/wp-content\/uploads\/2024\/02\/Design-sans-titre.png","width":600,"height":600,"caption":"Promotion 10%"},{"@type":"BreadcrumbList","@id":"https:\/\/www.domspro.eu\/fr\/news\/promotion-sur-les-planches-a-tenon-et-mortaise\/#breadcrumb","itemListElement":[{"@type":"ListItem","position":1,"name":"Home","item":"https:\/\/www.domspro.eu\/fr\/"},{"@type":"ListItem","position":2,"name":"Promotion sur les planches \u00e0 tenon et mortaise"}]},{"@type":"WebSite","@id":"https:\/\/www.domspro.eu\/#website","url":"https:\/\/www.domspro.eu\/","name":"DomsPro","description":"Buitenaanleg voor de professional","potentialAction":[{"@type":"SearchAction","target":{"@type":"EntryPoint","urlTemplate":"https:\/\/www.domspro.eu\/?s={search_term_string}"},"query-input":{"@type":"PropertyValueSpecification","valueRequired":true,"valueName":"search_term_string"}}],"inLanguage":"fr-FR"}]}},"_links":{"self":[{"href":"https:\/\/www.domspro.eu\/fr\/wp-json\/wp\/v2\/cpt_news\/5463","targetHints":{"allow":["GET"]}}],"collection":[{"href":"https:\/\/www.domspro.eu\/fr\/wp-json\/wp\/v2\/cpt_news"}],"about":[{"href":"https:\/\/www.domspro.eu\/fr\/wp-json\/wp\/v2\/types\/cpt_news"}],"version-history":[{"count":0,"href":"https:\/\/www.domspro.eu\/fr\/wp-json\/wp\/v2\/cpt_news\/5463\/revisions"}],"wp:featuredmedia":[{"embeddable":true,"href":"https:\/\/www.domspro.eu\/fr\/wp-json\/wp\/v2\/media\/5437"}],"wp:attachment":[{"href":"https:\/\/www.domspro.eu\/fr\/wp-json\/wp\/v2\/media?parent=5463"}],"wp:term":[{"taxonomy":"category_news","embeddable":true,"href":"https:\/\/www.domspro.eu\/fr\/wp-json\/wp\/v2\/category_news?post=5463"}],"curies":[{"name":"wp","href":"https:\/\/api.w.org\/{rel}","templated":true}]}}