{"id":5242,"date":"2024-01-02T07:00:00","date_gmt":"2024-01-02T07:00:00","guid":{"rendered":"https:\/\/www.domspro.eu\/?post_type=cpt_news&#038;p=5242"},"modified":"2024-02-21T08:05:19","modified_gmt":"2024-02-21T08:05:19","slug":"domspro-hoogstraten-ouvre-ses-portes","status":"publish","type":"cpt_news","link":"https:\/\/www.domspro.eu\/fr\/news\/domspro-hoogstraten-ouvre-ses-portes\/","title":{"rendered":"Domspro Hoogstraten ouvre ses portes"},"content":{"rendered":"\n<div class=\"block block-hero text-left  block-hero--onlyTitle  \">\n    <div class=\"block-hero__img overlay\" style=\"background-image: url(https:\/\/www.domspro.eu\/wp-content\/uploads\/2023\/10\/domspro-hoogstraten-1.webp)\"><\/div>\n    <div class=\"block-hero__content pt-30 pt-md-40 pt-lg-50 pb-0\">\n        <div class=\"container position-relative mt-30 mt-md-0\">\n            <div class=\"block-hero__mascot\" data-aos=\"fade-left\">\n                <img decoding=\"async\" src=\"https:\/\/www.domspro.eu\/wp-content\/themes\/ics\/build\/img\/doms-mascot.svg\">\n            <\/div>\n            <div class=\"row\">\n                <div class=\"col-10 mb-30\">\n                    \n                                    <\/div>\n            <\/div>\n            <div class=\"row\">\n                <div class=\"col-10\">\n                    <h1 class=\"block-hero__title text-white pb-0\" data-aos=\"fade-right\">Domspro Hoogstraten ouvre ses portes<\/h1>\n                <\/div>\n            <\/div>\n\n                    <\/div>\n    <\/div>\n<\/div>\n\n\n<div class=\"wp-block-jetpack-layout-grid column1-desktop-grid__span-12 column1-desktop-grid__row-1 column1-tablet-grid__span-8 column1-tablet-grid__row-1 column1-mobile-grid__span-4 column1-mobile-grid__row-1 wp-block-jetpack-layout-gutter__nowrap wp-block-jetpack-layout-gutter__none\">\n<div class=\"wp-block-jetpack-layout-grid-column wp-block-jetpack-layout-grid__padding-none\">\n<div class=\"block block-editor pt-30 pt-md-40 pt-lg-50 pb-10\">\n    <div class=\"container\">        <div class=\"row\">\n            <div class=\"col-12\" data-aos=\"fade-up\">\n                <h2>Nous venons \u00e0 peine de cl\u00f4turer l&rsquo;ann\u00e9e 2023 que les portes de Domspro Hoogstraten s&rsquo;ouvrent d\u00e9j\u00e0.<\/h2>\n            <\/div>\n        <\/div>\n    <\/div><\/div>\n\n\n<div class=\"block block-editor pt-10 pb-10\">\n    <div class=\"container\">        <div class=\"row\">\n            <div class=\"col-12\" data-aos=\"fade-up\">\n                <p>D\u00e8s le 4 janvier, rendez-vous dans notre deuxi\u00e8me filiale en Belgique, <a href=\"https:\/\/www.domspro.eu\/fr\/filiales\/domspro-hoogstraten\/\">Domspro Hoogstraten<\/a>, situ\u00e9e au <strong>36 Sint Lenaartseweg \u00e0 Hoogstraten<\/strong>.<\/p>\n<p>Avec l&rsquo;ouverture de cette deuxi\u00e8me filiale, nous r\u00e9pondons \u00e0 la n\u00e9cessit\u00e9 de rapprocher nos produits et services du client. Ainsi, vous pourrez venir chercher vos marchandises pendant <strong>nos horaires d&rsquo;ouverture \u00e9tendus<\/strong>, y compris <strong>le samedi matin<\/strong>.<\/p>\n<p>Vous avez besoin de quelque chose ? Facile, car il est possible de retirer vos achats quotidiennement.<\/p>\n<p>L&rsquo;ensemble de la gamme de produits est disponible sur notre plateforme de <strong>produits\/site web via shop.domspro.eu<\/strong><\/p>\n<div style=\"text-align: center;\"><a class=\"button-shop\" href=\"https:\/\/shop.domspro.eu\/fr-fr\" target=\"_blank\" rel=\"noopener\">Visiter shop.domspro.eu<i class=\"fa fa-shopping-cart\"><\/i><\/a><\/div>\n            <\/div>\n        <\/div>\n    <\/div><\/div><\/div>\n<\/div>\n\n\n<div class=\"block block-image pt-15 pt-md-20 pt-lg-30 \">\n    <div class=\"container\">                <figure class=\"mx-auto\" style=\"max-width: px\" data-aos=\"fade-up\">\n            <img loading=\"lazy\" decoding=\"async\" width=\"1280\" height=\"250\" src=\"https:\/\/www.domspro.eu\/wp-content\/uploads\/2024\/01\/bonnet-FR.jpg\" class=\"img-fluid\" alt=\"Jusqu&#039;au 31 mars 2024, pour tout enl\u00e8vement chez Domspro Hoogstraten, recevez un bonnet Dompros gratuit\" title=\"bonnet-FR\" srcset=\"https:\/\/www.domspro.eu\/wp-content\/uploads\/2024\/01\/bonnet-FR.jpg 1280w, https:\/\/www.domspro.eu\/wp-content\/uploads\/2024\/01\/bonnet-FR-768x150.jpg 768w, https:\/\/www.domspro.eu\/wp-content\/uploads\/2024\/01\/bonnet-FR-290x57.jpg 290w, https:\/\/www.domspro.eu\/wp-content\/uploads\/2024\/01\/bonnet-FR-600x117.jpg 600w, https:\/\/www.domspro.eu\/wp-content\/uploads\/2024\/01\/bonnet-FR-800x156.jpg 800w\" sizes=\"auto, (max-width: 1280px) 100vw, 1280px\" \/>        <\/figure>\n                    <\/div><\/div>\n\n<div class=\"block block-cta text-left pt-20 pt-lg-40 pt-xxl-80\" style=\"background-image: url();\">\n    <div class=\" pb-15 pb-md-20 pb-lg-30\">\n        <div class=\"block-cta__container block-cta__right py-40 py-lg-60\">\n            <div class=\"row\">\n                <div class=\"col-12 col-md-6 block-cta__title\">\n                                            <h2 class=\"text-dark\" data-aos=\"fade-up\">Vous avez une question ?<\/h2>\n                                    <\/div>\n\n                                    <div class=\"col-12 col-md-6 pr-lg-20 my-10 block-cta__text text-dark\" data-aos=\"fade-up\"><p>Vous pouvez nous joindre par t\u00e9l\u00e9phone au <a href=\"tel:+ 32 (0)2 269 43 77\"><strong>0<\/strong><strong>2 269 43 77<\/strong><\/a><br \/>ou \u00e0 l&rsquo;adresse <a href=\"mailto:info@domspro.eu\"><strong>info@domspro.eu<\/strong><\/a>.<\/p>\n<\/div>\n                \n                                    <div class=\"block-cta__btns col-12 col-md-4 text-md-right mt-2\" data-aos=\"fade-up\">\n                                                                                    <a href=\"https:\/\/www.domspro.eu\/fr\/filiales\/\" class=\"btn btn-primary mt-2 mr-2\" target=\"\">\n                                                                            <i class=\"far fa-envelope fa-md rounded-circle mr-10\"><\/i>\n                                                                        Aller \u00e0 la page de filiales                                <\/a>\n                                                                        <\/div>\n                            <\/div>\n            <div class=\"block-cta__mascot\" data-aos=\"fade-left\">\n                <img decoding=\"async\" src=\"https:\/\/www.domspro.eu\/wp-content\/themes\/ics\/build\/img\/doms-mascot.svg\">\n            <\/div>\n        <\/div>\n    <\/div>\n<\/div>\n\n<div class=\"block block-spacer\" style=\"padding: 30px 0;\">\n    <\/div>\n\n\n<section class=\"block b-news-items pt-30 pt-md-40 pt-lg-60 pt-xl-70 pb-30 pb-md-40 pb-lg-60 pb-xl-70 bg-secondary-faded pt-40 pb-30\">\n    <div class=\"container\">\n                    <h2 class=\"mb-15 mb-lg-30\">News<\/h2>\n        \n            \n        <div class=\"row b-news-items__wrapper b-posts-grid\">\n            \n<div class=\"col-12 col-md-6 col-lg-4 mb-20 mb-md-30\">\n    <div class=\"shadow d-flex flex-column b-news-items__item\">\n                    <a class=\"min-height-1\" href=\"https:\/\/www.domspro.eu\/fr\/news\/vacances-dete-2026\/\">\n                <div class=\"overflow-hidden\">\n                    <img loading=\"lazy\" decoding=\"async\" width=\"800\" height=\"600\" src=\"https:\/\/www.domspro.eu\/wp-content\/uploads\/2026\/06\/Uitgelichte-afbeelding-nieuws-4-800x600.png\" class=\"w-100 img-fluid wp-post-image\" alt=\"&lt;?= ; ?&gt;\" srcset=\"https:\/\/www.domspro.eu\/wp-content\/uploads\/2026\/06\/Uitgelichte-afbeelding-nieuws-4-800x600.png 800w, https:\/\/www.domspro.eu\/wp-content\/uploads\/2026\/06\/Uitgelichte-afbeelding-nieuws-4-1600x1200.png 1600w, https:\/\/www.domspro.eu\/wp-content\/uploads\/2026\/06\/Uitgelichte-afbeelding-nieuws-4-400x300.png 400w\" sizes=\"auto, (max-width: 800px) 100vw, 800px\" \/>                <\/div>\n            <\/a>\n        \n        <div class=\"bg-white text-dark d-flex flex-column flex-grow-1 p-20 p-md-30\">\n\n            <h4 class=\"text-dark font-weight-bold mb-10\">\n                Vacances d&rsquo;\u00e9t\u00e9 2026            <\/h4>\n\n            <div class=\"my-10 text-secondary font-weight-bold small\">\n                <i class=\"fas fa-calendar-alt mr-1\"><\/i>\n                15\/06\/2026            <\/div>\n\n            <p>\n                                    Domspro ferme ses portes pendant les cong\u00e9s de la construction. Consultez les dates de fermeture de nos filiales.                                <a class=\"d-inline text-dark font-weight-bold\" href=\"https:\/\/www.domspro.eu\/fr\/news\/vacances-dete-2026\/\">\n                    Lire plus                <\/a>\n            <\/p>\n\n        <\/div>\n    <\/div>\n<\/div>\n<div class=\"col-12 col-md-6 col-lg-4 mb-20 mb-md-30\">\n    <div class=\"shadow d-flex flex-column b-news-items__item\">\n                    <a class=\"min-height-1\" href=\"https:\/\/www.domspro.eu\/fr\/news\/conge-de-noel-2025\/\">\n                <div class=\"overflow-hidden\">\n                    <img loading=\"lazy\" decoding=\"async\" width=\"800\" height=\"600\" src=\"https:\/\/www.domspro.eu\/wp-content\/uploads\/2025\/12\/Uitgelichte-afbeelding-nieuws-800x600.png\" class=\"w-100 img-fluid wp-post-image\" alt=\"&lt;?= ; ?&gt;\" srcset=\"https:\/\/www.domspro.eu\/wp-content\/uploads\/2025\/12\/Uitgelichte-afbeelding-nieuws-800x600.png 800w, https:\/\/www.domspro.eu\/wp-content\/uploads\/2025\/12\/Uitgelichte-afbeelding-nieuws-1600x1200.png 1600w, https:\/\/www.domspro.eu\/wp-content\/uploads\/2025\/12\/Uitgelichte-afbeelding-nieuws-400x300.png 400w\" sizes=\"auto, (max-width: 800px) 100vw, 800px\" \/>                <\/div>\n            <\/a>\n        \n        <div class=\"bg-white text-dark d-flex flex-column flex-grow-1 p-20 p-md-30\">\n\n            <h4 class=\"text-dark font-weight-bold mb-10\">\n                Cong\u00e9 de No\u00ebl 2025            <\/h4>\n\n            <div class=\"my-10 text-secondary font-weight-bold small\">\n                <i class=\"fas fa-calendar-alt mr-1\"><\/i>\n                10\/12\/2025            <\/div>\n\n            <p>\n                                    Consultez les dates de fermeture de nos filiales ici. Toute l\u2019\u00e9quipe de Domspro vous souhaite ses meilleurs v\u0153ux pour 2026 !                                <a class=\"d-inline text-dark font-weight-bold\" href=\"https:\/\/www.domspro.eu\/fr\/news\/conge-de-noel-2025\/\">\n                    Lire plus                <\/a>\n            <\/p>\n\n        <\/div>\n    <\/div>\n<\/div>\n<div class=\"col-12 col-md-6 col-lg-4 mb-20 mb-md-30\">\n    <div class=\"shadow d-flex flex-column b-news-items__item\">\n                    <a class=\"min-height-1\" href=\"https:\/\/www.domspro.eu\/fr\/news\/vacances-dete-2025\/\">\n                <div class=\"overflow-hidden\">\n                    <img loading=\"lazy\" decoding=\"async\" width=\"800\" height=\"600\" src=\"https:\/\/www.domspro.eu\/wp-content\/uploads\/2024\/05\/vignette-summer-800x600.webp\" class=\"w-100 img-fluid wp-post-image\" alt=\"&lt;?= ; ?&gt;\" srcset=\"https:\/\/www.domspro.eu\/wp-content\/uploads\/2024\/05\/vignette-summer-800x600.webp 800w, https:\/\/www.domspro.eu\/wp-content\/uploads\/2024\/05\/vignette-summer-1600x1200.webp 1600w, https:\/\/www.domspro.eu\/wp-content\/uploads\/2024\/05\/vignette-summer-400x300.webp 400w, https:\/\/www.domspro.eu\/wp-content\/uploads\/2024\/05\/vignette-summer-290x218.webp 290w, https:\/\/www.domspro.eu\/wp-content\/uploads\/2024\/05\/vignette-summer.webp 600w\" sizes=\"auto, (max-width: 800px) 100vw, 800px\" \/>                <\/div>\n            <\/a>\n        \n        <div class=\"bg-white text-dark d-flex flex-column flex-grow-1 p-20 p-md-30\">\n\n            <h4 class=\"text-dark font-weight-bold mb-10\">\n                Vacances d&rsquo;\u00e9t\u00e9 2025            <\/h4>\n\n            <div class=\"my-10 text-secondary font-weight-bold small\">\n                <i class=\"fas fa-calendar-alt mr-1\"><\/i>\n                25\/06\/2025            <\/div>\n\n            <p>\n                                    Domspro ferme ses portes pendant la p\u00e9riode estivale. Consultez les dates de fermeture de nos filiales.                                <a class=\"d-inline text-dark font-weight-bold\" href=\"https:\/\/www.domspro.eu\/fr\/news\/vacances-dete-2025\/\">\n                    Lire plus                <\/a>\n            <\/p>\n\n        <\/div>\n    <\/div>\n<\/div>        <\/div>\n\n                    <div class=\"row mt-10\">\n                <div class=\"col-12 text-left\">\n                    <a class=\"btn btn-primary\" href=\"https:\/\/www.domspro.eu\/fr\/news\/\" target=\"\">\n                        <i class=\"fas fa-arrow-right mr-1\"><\/i>\n                        Voir toutes les news                    <\/a>\n                <\/div>\n            <\/div>\n        \n                    \n    <\/div>\n<\/section>\n\n\n<div class=\"block block-editor pt-10 pb-10\">\n    <div class=\"container\">        <div class=\"row\">\n            <div class=\"col-12\" data-aos=\"fade-up\">\n                <style>\n.button-shop{padding: 9px 15px; color: white; background:#FB5F44; border-radius:5px; font-weight:bold; font-size:16px;}\n.button-shop:hover{background: #fdc3b1; color: #fff; text-decoration:none !important; }\n.button-shop i {margin: 0 4px 0 10px; }\n<\/style>\n            <\/div>\n        <\/div>\n    <\/div><\/div>","protected":false},"excerpt":{"rendered":"<p>Nous venons \u00e0 peine de cl\u00f4turer l&rsquo;ann\u00e9e 2023 que les portes du Domspro Hoogstraten s&rsquo;ouvrent.<\/p>\n","protected":false},"featured_media":4874,"template":"","category_news":[],"class_list":["post-5242","cpt_news","type-cpt_news","status-publish","has-post-thumbnail","hentry"],"acf":[],"yoast_head":"<!-- This site is optimized with the Yoast SEO plugin v28.0 - https:\/\/yoast.com\/product\/yoast-seo-wordpress\/ -->\n<title>Domspro Hoogstraten ouvre ses portes | DomsPro<\/title>\n<meta name=\"description\" content=\"D\u00e9couvrez notre deuxi\u00e8me filiale, Domspro Hoogstraten ! Rendez-nous visite : Sint Lenaartseweg 36, Hoogstraten.\" \/>\n<meta name=\"robots\" content=\"index, follow, max-snippet:-1, max-image-preview:large, max-video-preview:-1\" \/>\n<link rel=\"canonical\" href=\"https:\/\/www.domspro.eu\/fr\/news\/domspro-hoogstraten-ouvre-ses-portes\/\" \/>\n<meta property=\"og:locale\" content=\"fr_FR\" \/>\n<meta property=\"og:type\" content=\"article\" \/>\n<meta property=\"og:title\" content=\"Domspro Hoogstraten ouvre ses portes | DomsPro\" \/>\n<meta property=\"og:description\" content=\"D\u00e9couvrez notre deuxi\u00e8me filiale, Domspro Hoogstraten ! Rendez-nous visite : Sint Lenaartseweg 36, Hoogstraten.\" \/>\n<meta property=\"og:url\" content=\"https:\/\/www.domspro.eu\/fr\/news\/domspro-hoogstraten-ouvre-ses-portes\/\" \/>\n<meta property=\"og:site_name\" content=\"DomsPro\" \/>\n<meta property=\"article:modified_time\" content=\"2024-02-21T08:05:19+00:00\" \/>\n<meta property=\"og:image\" content=\"https:\/\/www.domspro.eu\/wp-content\/uploads\/2023\/10\/domspro-hoogstraten-1.webp\" \/>\n\t<meta property=\"og:image:width\" content=\"1920\" \/>\n\t<meta property=\"og:image:height\" content=\"1080\" \/>\n\t<meta property=\"og:image:type\" content=\"image\/webp\" \/>\n<meta name=\"twitter:card\" content=\"summary_large_image\" \/>\n<script type=\"application\/ld+json\" class=\"yoast-schema-graph\">{\"@context\":\"https:\\\/\\\/schema.org\",\"@graph\":[{\"@type\":\"WebPage\",\"@id\":\"https:\\\/\\\/www.domspro.eu\\\/fr\\\/news\\\/domspro-hoogstraten-ouvre-ses-portes\\\/\",\"url\":\"https:\\\/\\\/www.domspro.eu\\\/fr\\\/news\\\/domspro-hoogstraten-ouvre-ses-portes\\\/\",\"name\":\"Domspro Hoogstraten ouvre ses portes | DomsPro\",\"isPartOf\":{\"@id\":\"https:\\\/\\\/www.domspro.eu\\\/#website\"},\"primaryImageOfPage\":{\"@id\":\"https:\\\/\\\/www.domspro.eu\\\/fr\\\/news\\\/domspro-hoogstraten-ouvre-ses-portes\\\/#primaryimage\"},\"image\":{\"@id\":\"https:\\\/\\\/www.domspro.eu\\\/fr\\\/news\\\/domspro-hoogstraten-ouvre-ses-portes\\\/#primaryimage\"},\"thumbnailUrl\":\"https:\\\/\\\/www.domspro.eu\\\/wp-content\\\/uploads\\\/2023\\\/10\\\/domspro-hoogstraten-1.webp\",\"datePublished\":\"2024-01-02T07:00:00+00:00\",\"dateModified\":\"2024-02-21T08:05:19+00:00\",\"description\":\"D\u00e9couvrez notre deuxi\u00e8me filiale, Domspro Hoogstraten ! Rendez-nous visite : Sint Lenaartseweg 36, Hoogstraten.\",\"breadcrumb\":{\"@id\":\"https:\\\/\\\/www.domspro.eu\\\/fr\\\/news\\\/domspro-hoogstraten-ouvre-ses-portes\\\/#breadcrumb\"},\"inLanguage\":\"fr-FR\",\"potentialAction\":[{\"@type\":\"ReadAction\",\"target\":[\"https:\\\/\\\/www.domspro.eu\\\/fr\\\/news\\\/domspro-hoogstraten-ouvre-ses-portes\\\/\"]}]},{\"@type\":\"ImageObject\",\"inLanguage\":\"fr-FR\",\"@id\":\"https:\\\/\\\/www.domspro.eu\\\/fr\\\/news\\\/domspro-hoogstraten-ouvre-ses-portes\\\/#primaryimage\",\"url\":\"https:\\\/\\\/www.domspro.eu\\\/wp-content\\\/uploads\\\/2023\\\/10\\\/domspro-hoogstraten-1.webp\",\"contentUrl\":\"https:\\\/\\\/www.domspro.eu\\\/wp-content\\\/uploads\\\/2023\\\/10\\\/domspro-hoogstraten-1.webp\",\"width\":1920,\"height\":1080,\"caption\":\"Domspro Hoogstraten, filiale \u00e0 c\u00f4t\u00e9 de Deschacht Hoogstraten\"},{\"@type\":\"BreadcrumbList\",\"@id\":\"https:\\\/\\\/www.domspro.eu\\\/fr\\\/news\\\/domspro-hoogstraten-ouvre-ses-portes\\\/#breadcrumb\",\"itemListElement\":[{\"@type\":\"ListItem\",\"position\":1,\"name\":\"Home\",\"item\":\"https:\\\/\\\/www.domspro.eu\\\/fr\\\/\"},{\"@type\":\"ListItem\",\"position\":2,\"name\":\"Domspro Hoogstraten ouvre ses portes\"}]},{\"@type\":\"WebSite\",\"@id\":\"https:\\\/\\\/www.domspro.eu\\\/#website\",\"url\":\"https:\\\/\\\/www.domspro.eu\\\/\",\"name\":\"DomsPro\",\"description\":\"Buitenaanleg voor de professional\",\"potentialAction\":[{\"@type\":\"SearchAction\",\"target\":{\"@type\":\"EntryPoint\",\"urlTemplate\":\"https:\\\/\\\/www.domspro.eu\\\/?s={search_term_string}\"},\"query-input\":{\"@type\":\"PropertyValueSpecification\",\"valueRequired\":true,\"valueName\":\"search_term_string\"}}],\"inLanguage\":\"fr-FR\"}]}<\/script>\n<!-- \/ Yoast SEO plugin. -->","yoast_head_json":{"title":"Domspro Hoogstraten ouvre ses portes | DomsPro","description":"D\u00e9couvrez notre deuxi\u00e8me filiale, Domspro Hoogstraten ! Rendez-nous visite : Sint Lenaartseweg 36, Hoogstraten.","robots":{"index":"index","follow":"follow","max-snippet":"max-snippet:-1","max-image-preview":"max-image-preview:large","max-video-preview":"max-video-preview:-1"},"canonical":"https:\/\/www.domspro.eu\/fr\/news\/domspro-hoogstraten-ouvre-ses-portes\/","og_locale":"fr_FR","og_type":"article","og_title":"Domspro Hoogstraten ouvre ses portes | DomsPro","og_description":"D\u00e9couvrez notre deuxi\u00e8me filiale, Domspro Hoogstraten ! Rendez-nous visite : Sint Lenaartseweg 36, Hoogstraten.","og_url":"https:\/\/www.domspro.eu\/fr\/news\/domspro-hoogstraten-ouvre-ses-portes\/","og_site_name":"DomsPro","article_modified_time":"2024-02-21T08:05:19+00:00","og_image":[{"width":1920,"height":1080,"url":"https:\/\/www.domspro.eu\/wp-content\/uploads\/2023\/10\/domspro-hoogstraten-1.webp","type":"image\/webp"}],"twitter_card":"summary_large_image","schema":{"@context":"https:\/\/schema.org","@graph":[{"@type":"WebPage","@id":"https:\/\/www.domspro.eu\/fr\/news\/domspro-hoogstraten-ouvre-ses-portes\/","url":"https:\/\/www.domspro.eu\/fr\/news\/domspro-hoogstraten-ouvre-ses-portes\/","name":"Domspro Hoogstraten ouvre ses portes | DomsPro","isPartOf":{"@id":"https:\/\/www.domspro.eu\/#website"},"primaryImageOfPage":{"@id":"https:\/\/www.domspro.eu\/fr\/news\/domspro-hoogstraten-ouvre-ses-portes\/#primaryimage"},"image":{"@id":"https:\/\/www.domspro.eu\/fr\/news\/domspro-hoogstraten-ouvre-ses-portes\/#primaryimage"},"thumbnailUrl":"https:\/\/www.domspro.eu\/wp-content\/uploads\/2023\/10\/domspro-hoogstraten-1.webp","datePublished":"2024-01-02T07:00:00+00:00","dateModified":"2024-02-21T08:05:19+00:00","description":"D\u00e9couvrez notre deuxi\u00e8me filiale, Domspro Hoogstraten ! Rendez-nous visite : Sint Lenaartseweg 36, Hoogstraten.","breadcrumb":{"@id":"https:\/\/www.domspro.eu\/fr\/news\/domspro-hoogstraten-ouvre-ses-portes\/#breadcrumb"},"inLanguage":"fr-FR","potentialAction":[{"@type":"ReadAction","target":["https:\/\/www.domspro.eu\/fr\/news\/domspro-hoogstraten-ouvre-ses-portes\/"]}]},{"@type":"ImageObject","inLanguage":"fr-FR","@id":"https:\/\/www.domspro.eu\/fr\/news\/domspro-hoogstraten-ouvre-ses-portes\/#primaryimage","url":"https:\/\/www.domspro.eu\/wp-content\/uploads\/2023\/10\/domspro-hoogstraten-1.webp","contentUrl":"https:\/\/www.domspro.eu\/wp-content\/uploads\/2023\/10\/domspro-hoogstraten-1.webp","width":1920,"height":1080,"caption":"Domspro Hoogstraten, filiale \u00e0 c\u00f4t\u00e9 de Deschacht Hoogstraten"},{"@type":"BreadcrumbList","@id":"https:\/\/www.domspro.eu\/fr\/news\/domspro-hoogstraten-ouvre-ses-portes\/#breadcrumb","itemListElement":[{"@type":"ListItem","position":1,"name":"Home","item":"https:\/\/www.domspro.eu\/fr\/"},{"@type":"ListItem","position":2,"name":"Domspro Hoogstraten ouvre ses portes"}]},{"@type":"WebSite","@id":"https:\/\/www.domspro.eu\/#website","url":"https:\/\/www.domspro.eu\/","name":"DomsPro","description":"Buitenaanleg voor de professional","potentialAction":[{"@type":"SearchAction","target":{"@type":"EntryPoint","urlTemplate":"https:\/\/www.domspro.eu\/?s={search_term_string}"},"query-input":{"@type":"PropertyValueSpecification","valueRequired":true,"valueName":"search_term_string"}}],"inLanguage":"fr-FR"}]}},"_links":{"self":[{"href":"https:\/\/www.domspro.eu\/fr\/wp-json\/wp\/v2\/cpt_news\/5242","targetHints":{"allow":["GET"]}}],"collection":[{"href":"https:\/\/www.domspro.eu\/fr\/wp-json\/wp\/v2\/cpt_news"}],"about":[{"href":"https:\/\/www.domspro.eu\/fr\/wp-json\/wp\/v2\/types\/cpt_news"}],"version-history":[{"count":0,"href":"https:\/\/www.domspro.eu\/fr\/wp-json\/wp\/v2\/cpt_news\/5242\/revisions"}],"wp:featuredmedia":[{"embeddable":true,"href":"https:\/\/www.domspro.eu\/fr\/wp-json\/wp\/v2\/media\/4874"}],"wp:attachment":[{"href":"https:\/\/www.domspro.eu\/fr\/wp-json\/wp\/v2\/media?parent=5242"}],"wp:term":[{"taxonomy":"category_news","embeddable":true,"href":"https:\/\/www.domspro.eu\/fr\/wp-json\/wp\/v2\/category_news?post=5242"}],"curies":[{"name":"wp","href":"https:\/\/api.w.org\/{rel}","templated":true}]}}