{"id":5118,"date":"2023-10-24T09:01:26","date_gmt":"2023-10-24T09:01:26","guid":{"rendered":"https:\/\/www.domspro.eu\/news\/le-bois-a-lhonneur\/"},"modified":"2023-10-26T13:28:46","modified_gmt":"2023-10-26T13:28:46","slug":"le-bois-a-lhonneur","status":"publish","type":"cpt_news","link":"https:\/\/www.domspro.eu\/fr\/news\/le-bois-a-lhonneur\/","title":{"rendered":"Le bois \u00e0 l&rsquo;honneur"},"content":{"rendered":"\n<div class=\"block block-hero text-left  block-hero--onlyTitle  \">\n    <div class=\"block-hero__img overlay\" style=\"background-image: url(https:\/\/www.domspro.eu\/wp-content\/uploads\/2023\/10\/Houten-planken.jpg)\"><\/div>\n    <div class=\"block-hero__content pt-30 pt-md-40 pt-lg-50 pb-0\">\n        <div class=\"container position-relative mt-30 mt-md-0\">\n            <div class=\"block-hero__mascot\" data-aos=\"fade-left\">\n                <img decoding=\"async\" src=\"https:\/\/www.domspro.eu\/wp-content\/themes\/ics\/build\/img\/doms-mascot.svg\">\n            <\/div>\n            <div class=\"row\">\n                <div class=\"col-10 mb-30\">\n                    \n                                    <\/div>\n            <\/div>\n            <div class=\"row\">\n                <div class=\"col-10\">\n                    <h1 class=\"block-hero__title text-light pb-0\" data-aos=\"fade-right\">Le bois \u00e0 l&rsquo;honneur<\/h1>\n                <\/div>\n            <\/div>\n\n                    <\/div>\n    <\/div>\n<\/div>\n\n<div class=\"block block-spacer\" style=\"padding: 25px 0;\">\n    <\/div>\n\n\n<div class=\"wp-block-jetpack-layout-grid column1-desktop-grid__span-8 column1-desktop-grid__row-1 column2-desktop-grid__span-4 column2-desktop-grid__start-9 column2-desktop-grid__row-1 column1-tablet-grid__span-4 column1-tablet-grid__row-1 column2-tablet-grid__span-4 column2-tablet-grid__start-5 column2-tablet-grid__row-1 column1-mobile-grid__span-4 column1-mobile-grid__row-1 column2-mobile-grid__span-4 column2-mobile-grid__row-2 wp-block-jetpack-layout-gutter__nowrap wp-block-jetpack-layout-gutter__none\">\n<div class=\"wp-block-jetpack-layout-grid-column wp-block-jetpack-layout-grid__padding-none\">\n<div class=\"block block-editor pt-30 pt-md-40 pt-lg-50 pb-10\">\n    <div class=\"container\">        <div class=\"row\">\n            <div class=\"col-12\" data-aos=\"fade-up\">\n                <p>Planches \u00e0 tenon et mortaise \u00e0 combiner avec les poteaux H-Fencepost\u00ae.<\/p>\n            <\/div>\n        <\/div>\n    <\/div><\/div>\n\n\n<div class=\"block block-editor pt-30 pt-md-40 pt-lg-50 pb-10\">\n    <div class=\"container\">        <div class=\"row\">\n            <div class=\"col-12\" data-aos=\"fade-up\">\n                <h3 class=\"entry-title\">Cl\u00f4tures de jardin et planches \u00e0 tenon et mortaise<\/h3>\n<p><strong>Un grand stock !<\/strong><\/p>\n<p>Le bois est un mat\u00e9riau naturel qui convient particuli\u00e8rement bien \u00e0 la r\u00e9alisation d&rsquo;une cl\u00f4ture de jardin.<\/p>\n<p>Les planches \u00e0 tenon et mortaise en bois sont majoritairement utilis\u00e9es pour cette application.<\/p>\n<p>Nous avons un GRAND STOCK de planches \u00e0 tenon et mortaise \u00e0 des prix comp\u00e9titifs. Ces planches de haute qualit\u00e9 ont \u00e9t\u00e9 impr\u00e9gn\u00e9es sous haute pression pour une dur\u00e9e de vie plus longue.<\/p>\n<p><span style=\"color: #fb5f44; font-weight: bold;\">Commande en ligne et b\u00e9n\u00e9ficie syst\u00e9matiquement d&rsquo;une remise suppl\u00e9mentaire de 1%.<\/span><\/p>\n<p><a class=\"button-shop\" href=\"https:\/\/shop.domspro.eu\/fr-fr\/128763\/planche-tenons-mortaisse-35x130mm-l-2-00m\" target=\"_blank\" rel=\"noopener\">Ach\u00e8te maintenant en ligne !<i class=\"fa fa-shopping-cart\"><\/i><\/a><\/p>\n            <\/div>\n        <\/div>\n    <\/div><\/div><\/div>\n\n\n\n<div class=\"wp-block-jetpack-layout-grid-column wp-block-jetpack-layout-grid__padding-none\"><div class=\"block block-image pt-15 pt-md-20 pt-lg-30 \">\n    <div class=\"container\">                <figure class=\"mx-auto\" style=\"max-width: px\" data-aos=\"fade-up\">\n            <img loading=\"lazy\" decoding=\"async\" width=\"1920\" height=\"2560\" src=\"https:\/\/www.domspro.eu\/wp-content\/uploads\/2023\/10\/IMG_8752-scaled.jpg\" class=\"img-fluid\" alt=\"H-gleufpaal in combinatie met houten afsluiting\" title=\"Houten afsluiting\" srcset=\"https:\/\/www.domspro.eu\/wp-content\/uploads\/2023\/10\/IMG_8752-scaled.jpg 1920w, https:\/\/www.domspro.eu\/wp-content\/uploads\/2023\/10\/IMG_8752-768x1024.jpg 768w, https:\/\/www.domspro.eu\/wp-content\/uploads\/2023\/10\/IMG_8752-1152x1536.jpg 1152w, https:\/\/www.domspro.eu\/wp-content\/uploads\/2023\/10\/IMG_8752-1536x2048.jpg 1536w, https:\/\/www.domspro.eu\/wp-content\/uploads\/2023\/10\/IMG_8752-290x387.jpg 290w, https:\/\/www.domspro.eu\/wp-content\/uploads\/2023\/10\/IMG_8752-600x800.jpg 600w, https:\/\/www.domspro.eu\/wp-content\/uploads\/2023\/10\/IMG_8752-800x1067.jpg 800w, https:\/\/www.domspro.eu\/wp-content\/uploads\/2023\/10\/IMG_8752-1600x2133.jpg 1600w\" sizes=\"auto, (max-width: 1920px) 100vw, 1920px\" \/>        <\/figure>\n                    <\/div><\/div><\/div>\n<\/div>\n\n\n\n<div class=\"wp-block-jetpack-layout-grid column1-desktop-grid__span-8 column1-desktop-grid__row-1 column2-desktop-grid__span-4 column2-desktop-grid__start-9 column2-desktop-grid__row-1 column1-tablet-grid__span-4 column1-tablet-grid__row-1 column2-tablet-grid__span-4 column2-tablet-grid__start-5 column2-tablet-grid__row-1 column1-mobile-grid__span-4 column1-mobile-grid__row-1 column2-mobile-grid__span-4 column2-mobile-grid__row-2 wp-block-jetpack-layout-gutter__nowrap wp-block-jetpack-layout-gutter__none\">\n<div class=\"wp-block-jetpack-layout-grid-column wp-block-jetpack-layout-grid__padding-none\"><\/div>\n\n\n\n<div class=\"wp-block-jetpack-layout-grid-column wp-block-jetpack-layout-grid__padding-none\"><\/div>\n<\/div>\n\n\n\n<div class=\"block block-editor pt-10 pb-10\">\n    <div class=\"container\">        <div class=\"row\">\n            <div class=\"col-12\" data-aos=\"fade-up\">\n                <style>\n.button-shop{padding: 9px 15px; color: white; background:#FB5F44; border-radius:5px; font-weight:bold; font-size:16px;}\n.button-shop:hover{background: #fdc3b1; color: #fff; text-decoration:none !important; }\n.button-shop i {margin: 0 4px 0 10px; }\n<\/style>\n            <\/div>\n        <\/div>\n    <\/div><\/div>\n\n<div class=\"block block-spacer\" style=\"padding: 30px 0;\">\n    <\/div>\n\n\n<section class=\"block b-news-items pt-30 pt-md-40 pt-lg-60 pt-xl-70 pb-30 pb-md-40 pb-lg-60 pb-xl-70 bg-secondary-faded pt-40 pb-30\">\n    <div class=\"container\">\n                    <h2 class=\"mb-15 mb-lg-30\">News<\/h2>\n        \n            \n        <div class=\"row b-news-items__wrapper b-posts-grid\">\n            \n<div class=\"col-12 col-md-6 col-lg-4 mb-20 mb-md-30\">\n    <div class=\"shadow d-flex flex-column b-news-items__item\">\n                    <a class=\"min-height-1\" href=\"https:\/\/www.domspro.eu\/fr\/news\/vacances-dete-2026\/\">\n                <div class=\"overflow-hidden\">\n                    <img loading=\"lazy\" decoding=\"async\" width=\"800\" height=\"600\" src=\"https:\/\/www.domspro.eu\/wp-content\/uploads\/2026\/06\/Uitgelichte-afbeelding-nieuws-4-800x600.png\" class=\"w-100 img-fluid wp-post-image\" alt=\"&lt;?= ; ?&gt;\" srcset=\"https:\/\/www.domspro.eu\/wp-content\/uploads\/2026\/06\/Uitgelichte-afbeelding-nieuws-4-800x600.png 800w, https:\/\/www.domspro.eu\/wp-content\/uploads\/2026\/06\/Uitgelichte-afbeelding-nieuws-4-1600x1200.png 1600w, https:\/\/www.domspro.eu\/wp-content\/uploads\/2026\/06\/Uitgelichte-afbeelding-nieuws-4-400x300.png 400w\" sizes=\"auto, (max-width: 800px) 100vw, 800px\" \/>                <\/div>\n            <\/a>\n        \n        <div class=\"bg-white text-dark d-flex flex-column flex-grow-1 p-20 p-md-30\">\n\n            <h4 class=\"text-dark font-weight-bold mb-10\">\n                Vacances d&rsquo;\u00e9t\u00e9 2026            <\/h4>\n\n            <div class=\"my-10 text-secondary font-weight-bold small\">\n                <i class=\"fas fa-calendar-alt mr-1\"><\/i>\n                15\/06\/2026            <\/div>\n\n            <p>\n                                    Domspro ferme ses portes pendant les cong\u00e9s de la construction. Consultez les dates de fermeture de nos filiales.                                <a class=\"d-inline text-dark font-weight-bold\" href=\"https:\/\/www.domspro.eu\/fr\/news\/vacances-dete-2026\/\">\n                    Lire plus                <\/a>\n            <\/p>\n\n        <\/div>\n    <\/div>\n<\/div>\n<div class=\"col-12 col-md-6 col-lg-4 mb-20 mb-md-30\">\n    <div class=\"shadow d-flex flex-column b-news-items__item\">\n                    <a class=\"min-height-1\" href=\"https:\/\/www.domspro.eu\/fr\/news\/conge-de-noel-2025\/\">\n                <div class=\"overflow-hidden\">\n                    <img loading=\"lazy\" decoding=\"async\" width=\"800\" height=\"600\" src=\"https:\/\/www.domspro.eu\/wp-content\/uploads\/2025\/12\/Uitgelichte-afbeelding-nieuws-800x600.png\" class=\"w-100 img-fluid wp-post-image\" alt=\"&lt;?= ; ?&gt;\" srcset=\"https:\/\/www.domspro.eu\/wp-content\/uploads\/2025\/12\/Uitgelichte-afbeelding-nieuws-800x600.png 800w, https:\/\/www.domspro.eu\/wp-content\/uploads\/2025\/12\/Uitgelichte-afbeelding-nieuws-1600x1200.png 1600w, https:\/\/www.domspro.eu\/wp-content\/uploads\/2025\/12\/Uitgelichte-afbeelding-nieuws-400x300.png 400w\" sizes=\"auto, (max-width: 800px) 100vw, 800px\" \/>                <\/div>\n            <\/a>\n        \n        <div class=\"bg-white text-dark d-flex flex-column flex-grow-1 p-20 p-md-30\">\n\n            <h4 class=\"text-dark font-weight-bold mb-10\">\n                Cong\u00e9 de No\u00ebl 2025            <\/h4>\n\n            <div class=\"my-10 text-secondary font-weight-bold small\">\n                <i class=\"fas fa-calendar-alt mr-1\"><\/i>\n                10\/12\/2025            <\/div>\n\n            <p>\n                                    Consultez les dates de fermeture de nos filiales ici. Toute l\u2019\u00e9quipe de Domspro vous souhaite ses meilleurs v\u0153ux pour 2026 !                                <a class=\"d-inline text-dark font-weight-bold\" href=\"https:\/\/www.domspro.eu\/fr\/news\/conge-de-noel-2025\/\">\n                    Lire plus                <\/a>\n            <\/p>\n\n        <\/div>\n    <\/div>\n<\/div>\n<div class=\"col-12 col-md-6 col-lg-4 mb-20 mb-md-30\">\n    <div class=\"shadow d-flex flex-column b-news-items__item\">\n                    <a class=\"min-height-1\" href=\"https:\/\/www.domspro.eu\/fr\/news\/vacances-dete-2025\/\">\n                <div class=\"overflow-hidden\">\n                    <img loading=\"lazy\" decoding=\"async\" width=\"800\" height=\"600\" src=\"https:\/\/www.domspro.eu\/wp-content\/uploads\/2024\/05\/vignette-summer-800x600.webp\" class=\"w-100 img-fluid wp-post-image\" alt=\"&lt;?= ; ?&gt;\" srcset=\"https:\/\/www.domspro.eu\/wp-content\/uploads\/2024\/05\/vignette-summer-800x600.webp 800w, https:\/\/www.domspro.eu\/wp-content\/uploads\/2024\/05\/vignette-summer-1600x1200.webp 1600w, https:\/\/www.domspro.eu\/wp-content\/uploads\/2024\/05\/vignette-summer-400x300.webp 400w, https:\/\/www.domspro.eu\/wp-content\/uploads\/2024\/05\/vignette-summer-290x218.webp 290w, https:\/\/www.domspro.eu\/wp-content\/uploads\/2024\/05\/vignette-summer.webp 600w\" sizes=\"auto, (max-width: 800px) 100vw, 800px\" \/>                <\/div>\n            <\/a>\n        \n        <div class=\"bg-white text-dark d-flex flex-column flex-grow-1 p-20 p-md-30\">\n\n            <h4 class=\"text-dark font-weight-bold mb-10\">\n                Vacances d&rsquo;\u00e9t\u00e9 2025            <\/h4>\n\n            <div class=\"my-10 text-secondary font-weight-bold small\">\n                <i class=\"fas fa-calendar-alt mr-1\"><\/i>\n                25\/06\/2025            <\/div>\n\n            <p>\n                                    Domspro ferme ses portes pendant la p\u00e9riode estivale. Consultez les dates de fermeture de nos filiales.                                <a class=\"d-inline text-dark font-weight-bold\" href=\"https:\/\/www.domspro.eu\/fr\/news\/vacances-dete-2025\/\">\n                    Lire plus                <\/a>\n            <\/p>\n\n        <\/div>\n    <\/div>\n<\/div>        <\/div>\n\n                    <div class=\"row mt-10\">\n                <div class=\"col-12 text-left\">\n                    <a class=\"btn btn-primary\" href=\"https:\/\/www.domspro.eu\/fr\/news\/\" target=\"\">\n                        <i class=\"fas fa-arrow-right mr-1\"><\/i>\n                        Voir toutes les news                    <\/a>\n                <\/div>\n            <\/div>\n        \n                    \n    <\/div>\n<\/section>","protected":false},"excerpt":{"rendered":"<p>Les panneaux en bois s&rsquo;int\u00e8grent naturellement dans un environnement verdoyant. Ils sont trait\u00e9s contre l&rsquo;humidit\u00e9, les insectes et les moisissures. D\u00e9couvre la gamme<\/p>\n","protected":false},"featured_media":5123,"template":"","category_news":[],"class_list":["post-5118","cpt_news","type-cpt_news","status-publish","has-post-thumbnail","hentry"],"acf":[],"yoast_head":"<!-- This site is optimized with the Yoast SEO plugin v28.0 - https:\/\/yoast.com\/product\/yoast-seo-wordpress\/ -->\n<title>Le bois \u00e0 l&#039;honneur | DomsPro<\/title>\n<meta name=\"description\" content=\"Les panneaux en bois s&#039;int\u00e8grent naturellement dans un environnement verdoyant. Trait\u00e9s contre l&#039;humidit\u00e9, les insectes et les moisissures.\" \/>\n<meta name=\"robots\" content=\"index, follow, max-snippet:-1, max-image-preview:large, max-video-preview:-1\" \/>\n<link rel=\"canonical\" href=\"https:\/\/www.domspro.eu\/fr\/news\/le-bois-a-lhonneur\/\" \/>\n<meta property=\"og:locale\" content=\"fr_FR\" \/>\n<meta property=\"og:type\" content=\"article\" \/>\n<meta property=\"og:title\" content=\"Le bois \u00e0 l&#039;honneur | DomsPro\" \/>\n<meta property=\"og:description\" content=\"Les panneaux en bois s&#039;int\u00e8grent naturellement dans un environnement verdoyant. Trait\u00e9s contre l&#039;humidit\u00e9, les insectes et les moisissures.\" \/>\n<meta property=\"og:url\" content=\"https:\/\/www.domspro.eu\/fr\/news\/le-bois-a-lhonneur\/\" \/>\n<meta property=\"og:site_name\" content=\"DomsPro\" \/>\n<meta property=\"article:modified_time\" content=\"2023-10-26T13:28:46+00:00\" \/>\n<meta property=\"og:image\" content=\"https:\/\/www.domspro.eu\/wp-content\/uploads\/2023\/10\/news-bois.jpg\" \/>\n\t<meta property=\"og:image:width\" content=\"600\" \/>\n\t<meta property=\"og:image:height\" content=\"450\" \/>\n\t<meta property=\"og:image:type\" content=\"image\/jpeg\" \/>\n<meta name=\"twitter:card\" content=\"summary_large_image\" \/>\n<script type=\"application\/ld+json\" class=\"yoast-schema-graph\">{\"@context\":\"https:\\\/\\\/schema.org\",\"@graph\":[{\"@type\":\"WebPage\",\"@id\":\"https:\\\/\\\/www.domspro.eu\\\/fr\\\/news\\\/le-bois-a-lhonneur\\\/\",\"url\":\"https:\\\/\\\/www.domspro.eu\\\/fr\\\/news\\\/le-bois-a-lhonneur\\\/\",\"name\":\"Le bois \u00e0 l'honneur | DomsPro\",\"isPartOf\":{\"@id\":\"https:\\\/\\\/www.domspro.eu\\\/#website\"},\"primaryImageOfPage\":{\"@id\":\"https:\\\/\\\/www.domspro.eu\\\/fr\\\/news\\\/le-bois-a-lhonneur\\\/#primaryimage\"},\"image\":{\"@id\":\"https:\\\/\\\/www.domspro.eu\\\/fr\\\/news\\\/le-bois-a-lhonneur\\\/#primaryimage\"},\"thumbnailUrl\":\"https:\\\/\\\/www.domspro.eu\\\/wp-content\\\/uploads\\\/2023\\\/10\\\/news-bois.jpg\",\"datePublished\":\"2023-10-24T09:01:26+00:00\",\"dateModified\":\"2023-10-26T13:28:46+00:00\",\"description\":\"Les panneaux en bois s'int\u00e8grent naturellement dans un environnement verdoyant. Trait\u00e9s contre l'humidit\u00e9, les insectes et les moisissures.\",\"breadcrumb\":{\"@id\":\"https:\\\/\\\/www.domspro.eu\\\/fr\\\/news\\\/le-bois-a-lhonneur\\\/#breadcrumb\"},\"inLanguage\":\"fr-FR\",\"potentialAction\":[{\"@type\":\"ReadAction\",\"target\":[\"https:\\\/\\\/www.domspro.eu\\\/fr\\\/news\\\/le-bois-a-lhonneur\\\/\"]}]},{\"@type\":\"ImageObject\",\"inLanguage\":\"fr-FR\",\"@id\":\"https:\\\/\\\/www.domspro.eu\\\/fr\\\/news\\\/le-bois-a-lhonneur\\\/#primaryimage\",\"url\":\"https:\\\/\\\/www.domspro.eu\\\/wp-content\\\/uploads\\\/2023\\\/10\\\/news-bois.jpg\",\"contentUrl\":\"https:\\\/\\\/www.domspro.eu\\\/wp-content\\\/uploads\\\/2023\\\/10\\\/news-bois.jpg\",\"width\":600,\"height\":450,\"caption\":\"Cl\u00f4tures et panneaux en bois\"},{\"@type\":\"BreadcrumbList\",\"@id\":\"https:\\\/\\\/www.domspro.eu\\\/fr\\\/news\\\/le-bois-a-lhonneur\\\/#breadcrumb\",\"itemListElement\":[{\"@type\":\"ListItem\",\"position\":1,\"name\":\"Home\",\"item\":\"https:\\\/\\\/www.domspro.eu\\\/fr\\\/\"},{\"@type\":\"ListItem\",\"position\":2,\"name\":\"Le bois \u00e0 l&#8217;honneur\"}]},{\"@type\":\"WebSite\",\"@id\":\"https:\\\/\\\/www.domspro.eu\\\/#website\",\"url\":\"https:\\\/\\\/www.domspro.eu\\\/\",\"name\":\"DomsPro\",\"description\":\"Buitenaanleg voor de professional\",\"potentialAction\":[{\"@type\":\"SearchAction\",\"target\":{\"@type\":\"EntryPoint\",\"urlTemplate\":\"https:\\\/\\\/www.domspro.eu\\\/?s={search_term_string}\"},\"query-input\":{\"@type\":\"PropertyValueSpecification\",\"valueRequired\":true,\"valueName\":\"search_term_string\"}}],\"inLanguage\":\"fr-FR\"}]}<\/script>\n<!-- \/ Yoast SEO plugin. -->","yoast_head_json":{"title":"Le bois \u00e0 l'honneur | DomsPro","description":"Les panneaux en bois s'int\u00e8grent naturellement dans un environnement verdoyant. Trait\u00e9s contre l'humidit\u00e9, les insectes et les moisissures.","robots":{"index":"index","follow":"follow","max-snippet":"max-snippet:-1","max-image-preview":"max-image-preview:large","max-video-preview":"max-video-preview:-1"},"canonical":"https:\/\/www.domspro.eu\/fr\/news\/le-bois-a-lhonneur\/","og_locale":"fr_FR","og_type":"article","og_title":"Le bois \u00e0 l'honneur | DomsPro","og_description":"Les panneaux en bois s'int\u00e8grent naturellement dans un environnement verdoyant. Trait\u00e9s contre l'humidit\u00e9, les insectes et les moisissures.","og_url":"https:\/\/www.domspro.eu\/fr\/news\/le-bois-a-lhonneur\/","og_site_name":"DomsPro","article_modified_time":"2023-10-26T13:28:46+00:00","og_image":[{"width":600,"height":450,"url":"https:\/\/www.domspro.eu\/wp-content\/uploads\/2023\/10\/news-bois.jpg","type":"image\/jpeg"}],"twitter_card":"summary_large_image","schema":{"@context":"https:\/\/schema.org","@graph":[{"@type":"WebPage","@id":"https:\/\/www.domspro.eu\/fr\/news\/le-bois-a-lhonneur\/","url":"https:\/\/www.domspro.eu\/fr\/news\/le-bois-a-lhonneur\/","name":"Le bois \u00e0 l'honneur | DomsPro","isPartOf":{"@id":"https:\/\/www.domspro.eu\/#website"},"primaryImageOfPage":{"@id":"https:\/\/www.domspro.eu\/fr\/news\/le-bois-a-lhonneur\/#primaryimage"},"image":{"@id":"https:\/\/www.domspro.eu\/fr\/news\/le-bois-a-lhonneur\/#primaryimage"},"thumbnailUrl":"https:\/\/www.domspro.eu\/wp-content\/uploads\/2023\/10\/news-bois.jpg","datePublished":"2023-10-24T09:01:26+00:00","dateModified":"2023-10-26T13:28:46+00:00","description":"Les panneaux en bois s'int\u00e8grent naturellement dans un environnement verdoyant. Trait\u00e9s contre l'humidit\u00e9, les insectes et les moisissures.","breadcrumb":{"@id":"https:\/\/www.domspro.eu\/fr\/news\/le-bois-a-lhonneur\/#breadcrumb"},"inLanguage":"fr-FR","potentialAction":[{"@type":"ReadAction","target":["https:\/\/www.domspro.eu\/fr\/news\/le-bois-a-lhonneur\/"]}]},{"@type":"ImageObject","inLanguage":"fr-FR","@id":"https:\/\/www.domspro.eu\/fr\/news\/le-bois-a-lhonneur\/#primaryimage","url":"https:\/\/www.domspro.eu\/wp-content\/uploads\/2023\/10\/news-bois.jpg","contentUrl":"https:\/\/www.domspro.eu\/wp-content\/uploads\/2023\/10\/news-bois.jpg","width":600,"height":450,"caption":"Cl\u00f4tures et panneaux en bois"},{"@type":"BreadcrumbList","@id":"https:\/\/www.domspro.eu\/fr\/news\/le-bois-a-lhonneur\/#breadcrumb","itemListElement":[{"@type":"ListItem","position":1,"name":"Home","item":"https:\/\/www.domspro.eu\/fr\/"},{"@type":"ListItem","position":2,"name":"Le bois \u00e0 l&#8217;honneur"}]},{"@type":"WebSite","@id":"https:\/\/www.domspro.eu\/#website","url":"https:\/\/www.domspro.eu\/","name":"DomsPro","description":"Buitenaanleg voor de professional","potentialAction":[{"@type":"SearchAction","target":{"@type":"EntryPoint","urlTemplate":"https:\/\/www.domspro.eu\/?s={search_term_string}"},"query-input":{"@type":"PropertyValueSpecification","valueRequired":true,"valueName":"search_term_string"}}],"inLanguage":"fr-FR"}]}},"_links":{"self":[{"href":"https:\/\/www.domspro.eu\/fr\/wp-json\/wp\/v2\/cpt_news\/5118","targetHints":{"allow":["GET"]}}],"collection":[{"href":"https:\/\/www.domspro.eu\/fr\/wp-json\/wp\/v2\/cpt_news"}],"about":[{"href":"https:\/\/www.domspro.eu\/fr\/wp-json\/wp\/v2\/types\/cpt_news"}],"version-history":[{"count":0,"href":"https:\/\/www.domspro.eu\/fr\/wp-json\/wp\/v2\/cpt_news\/5118\/revisions"}],"wp:featuredmedia":[{"embeddable":true,"href":"https:\/\/www.domspro.eu\/fr\/wp-json\/wp\/v2\/media\/5123"}],"wp:attachment":[{"href":"https:\/\/www.domspro.eu\/fr\/wp-json\/wp\/v2\/media?parent=5118"}],"wp:term":[{"taxonomy":"category_news","embeddable":true,"href":"https:\/\/www.domspro.eu\/fr\/wp-json\/wp\/v2\/category_news?post=5118"}],"curies":[{"name":"wp","href":"https:\/\/api.w.org\/{rel}","templated":true}]}}