{"id":5059,"date":"2023-11-07T08:29:10","date_gmt":"2023-11-07T08:29:10","guid":{"rendered":"https:\/\/www.domspro.eu\/?post_type=cpt_news&#038;p=5059"},"modified":"2024-02-21T08:06:47","modified_gmt":"2024-02-21T08:06:47","slug":"levons-nos-verres-au-nouveau-webshop","status":"publish","type":"cpt_news","link":"https:\/\/www.domspro.eu\/fr\/news\/levons-nos-verres-au-nouveau-webshop\/","title":{"rendered":"Levons nos verres au nouveau webshop !"},"content":{"rendered":"\n<div class=\"block block-hero text-left  block-hero--onlyTitle  \">\n    <div class=\"block-hero__img \" style=\"background-image: url(https:\/\/www.domspro.eu\/wp-content\/uploads\/2023\/10\/3403254-scaled.jpg)\"><\/div>\n    <div class=\"block-hero__content pt-30 pt-md-40 pt-lg-50 pb-0\">\n        <div class=\"container position-relative mt-30 mt-md-0\">\n            <div class=\"block-hero__mascot\" data-aos=\"fade-left\">\n                <img decoding=\"async\" src=\"https:\/\/www.domspro.eu\/wp-content\/themes\/ics\/build\/img\/doms-mascot.svg\">\n            <\/div>\n            <div class=\"row\">\n                <div class=\"col-10 mb-30\">\n                    \n                                    <\/div>\n            <\/div>\n            <div class=\"row\">\n                <div class=\"col-10\">\n                    <h1 class=\"block-hero__title text-white pb-0\" data-aos=\"fade-right\">Levons nos verres au nouveau webshop !<\/h1>\n                <\/div>\n            <\/div>\n\n                    <\/div>\n    <\/div>\n<\/div>\n\n<div class=\"block block-spacer\" style=\"padding: 25px 0;\">\n    <\/div>\n\n\n<div class=\"wp-block-jetpack-layout-grid column1-desktop-grid__span-9 column1-desktop-grid__row-1 column2-desktop-grid__span-3 column2-desktop-grid__start-10 column2-desktop-grid__row-1 column1-tablet-grid__span-4 column1-tablet-grid__row-1 column2-tablet-grid__span-4 column2-tablet-grid__start-5 column2-tablet-grid__row-1 column1-mobile-grid__span-4 column1-mobile-grid__row-1 column2-mobile-grid__span-4 column2-mobile-grid__row-2\">\n<div class=\"wp-block-jetpack-layout-grid-column wp-block-jetpack-layout-grid__padding-none\">\n<div class=\"block block-editor pt-10 pb-10\">\n    <div class=\"container\">        <div class=\"row\">\n            <div class=\"col-12\" data-aos=\"fade-up\">\n                <h2>Ach\u00e8te en ligne et c\u00e9l\u00e8bre avec nous l&rsquo;ouverture de notre webshop. L&rsquo;as-tu d\u00e9j\u00e0 test\u00e9 ?<\/h2>\n<p>&nbsp;<\/p>\n<p class=\"p1\">Via la boutique en ligne de Domspro, tu re\u00e7ois <span style=\"text-transform: uppercase; color:#FB5F44; font-weight:bold;\">une bouteille de vin gratuite<\/span><\/p>\n<p class=\"p1\">Pour ta premi\u00e8re commande sur notre nouveau webshop, tu re\u00e7ois<strong> 1% de remise<\/strong> <strong>et<\/strong> <strong>une bouteille de vin<\/strong>. Inscris-toi ou connecte-toi sur shop.domspro.eu et passe commande.<\/p>\n            <\/div>\n        <\/div>\n    <\/div><\/div>\n\n\n<div class=\"wp-block-jetpack-layout-grid column1-desktop-grid__span-2 column1-desktop-grid__start-5 column1-desktop-grid__row-1 column2-desktop-grid__span-6 column2-desktop-grid__start-7 column2-desktop-grid__row-1 column1-tablet-grid__span-4 column1-tablet-grid__row-1 column2-tablet-grid__span-4 column2-tablet-grid__start-5 column2-tablet-grid__row-1 column1-mobile-grid__span-4 column1-mobile-grid__row-1 column2-mobile-grid__span-4 column2-mobile-grid__row-2\">\n<div class=\"wp-block-jetpack-layout-grid-column wp-block-jetpack-layout-grid__padding-none\">\n\n<section class=\"block block-button pt-0 pb-0\" data-aos=\"fade-up\">\n            <a href=\"https:\/\/shop.domspro.eu\/fr-fr\/demander-login-doms\/demander-login\" class=\"btn btn-primary d-inline-flex align-items-center\" target=\"_blank\">\n            Inscris-toi \n            <!--<i class=\"fas fa-plus fa-xs border border-sm rounded-circle p-1 ml-20\"><\/i>-->\n        <\/a>\n    <\/section><\/div>\n\n\n\n<div class=\"wp-block-jetpack-layout-grid-column wp-block-jetpack-layout-grid__padding-none\">\n\n<section class=\"block block-button pt-0 pb-0\" data-aos=\"fade-up\">\n            <a href=\"https:\/\/shop.domspro.eu\/fr-fr\/logon?returnUrl=%2Ffr-fr%2Fdemander-login-doms%2Fdemander-login\" class=\"btn btn-primary d-inline-flex align-items-center\" target=\"_blank\">\n            Connecte-toi \n            <!--<i class=\"fas fa-plus fa-xs border border-sm rounded-circle p-1 ml-20\"><\/i>-->\n        <\/a>\n    <\/section><\/div>\n<\/div>\n\n\n\n<div class=\"block block-editor pt-30 pt-md-40 pt-lg-50 pb-10\">\n    <div class=\"container\">        <div class=\"row\">\n            <div class=\"col-12\" data-aos=\"fade-up\">\n                <p>L&rsquo;action est valable du 13\/11\/2023 au 31\/12\/2023 inclus, pour les commandes en ligne uniquement.<br \/>\nLa bouteille de vin sera remise \u00e0 chaque premi\u00e8re commande lors de la livraison\/du retrait.<\/p>\n<p style=\"text-align: center;\"><a class=\"button-shop\" href=\"https:\/\/shop.domspro.eu\/fr-fr\" target=\"_blank\" rel=\"noopener\">Commande maintenant en ligne !<i class=\"fa fa-shopping-cart\"><\/i><\/a><\/p>\n            <\/div>\n        <\/div>\n    <\/div><\/div><\/div>\n\n\n\n<div class=\"wp-block-jetpack-layout-grid-column wp-block-jetpack-layout-grid__padding-none\"><div class=\"block block-image pt-15 pt-md-20 pt-lg-30 \">\n    <div class=\"container\">                <figure class=\"mx-auto\" style=\"max-width: px\" data-aos=\"fade-up\">\n            <img loading=\"lazy\" decoding=\"async\" width=\"315\" height=\"600\" src=\"https:\/\/www.domspro.eu\/wp-content\/uploads\/2023\/10\/mister-doms-wijn.jpg\" class=\"img-fluid\" alt=\"Wijnactie bij Domspro\" title=\"Mister Domspro &#8211; webshop actie\" srcset=\"https:\/\/www.domspro.eu\/wp-content\/uploads\/2023\/10\/mister-doms-wijn.jpg 315w, https:\/\/www.domspro.eu\/wp-content\/uploads\/2023\/10\/mister-doms-wijn-290x552.jpg 290w\" sizes=\"auto, (max-width: 315px) 100vw, 315px\" \/>        <\/figure>\n                    <\/div><\/div><\/div>\n<\/div>\n\n\n\n<div class=\"block block-editor pt-10 pb-10\">\n    <div class=\"container\">        <div class=\"row\">\n            <div class=\"col-12\" data-aos=\"fade-up\">\n                <style>\n.button-shop{padding: 9px 15px; color: white; background:#FB5F44; border-radius:5px; font-weight:bold; font-size:16px;}\n.button-shop:hover{background: #fdc3b1; color: #fff; text-decoration:none !important; }\n.button-shop i {margin: 0 4px 0 10px; }\n<\/style>\n            <\/div>\n        <\/div>\n    <\/div><\/div>\n\n\n<section class=\"block b-news-items pt-30 pt-md-40 pt-lg-60 pt-xl-70 pb-30 pb-md-40 pb-lg-60 pb-xl-70 bg-secondary-faded pt-40 pb-30\">\n    <div class=\"container\">\n                    <h2 class=\"mb-15 mb-lg-30\">News<\/h2>\n        \n            \n        <div class=\"row b-news-items__wrapper b-posts-grid\">\n            \n<div class=\"col-12 col-md-6 col-lg-4 mb-20 mb-md-30\">\n    <div class=\"shadow d-flex flex-column b-news-items__item\">\n                    <a class=\"min-height-1\" href=\"https:\/\/www.domspro.eu\/fr\/news\/vacances-dete-2026\/\">\n                <div class=\"overflow-hidden\">\n                    <img loading=\"lazy\" decoding=\"async\" width=\"800\" height=\"600\" src=\"https:\/\/www.domspro.eu\/wp-content\/uploads\/2026\/06\/Uitgelichte-afbeelding-nieuws-4-800x600.png\" class=\"w-100 img-fluid wp-post-image\" alt=\"&lt;?= ; ?&gt;\" srcset=\"https:\/\/www.domspro.eu\/wp-content\/uploads\/2026\/06\/Uitgelichte-afbeelding-nieuws-4-800x600.png 800w, https:\/\/www.domspro.eu\/wp-content\/uploads\/2026\/06\/Uitgelichte-afbeelding-nieuws-4-1600x1200.png 1600w, https:\/\/www.domspro.eu\/wp-content\/uploads\/2026\/06\/Uitgelichte-afbeelding-nieuws-4-400x300.png 400w\" sizes=\"auto, (max-width: 800px) 100vw, 800px\" \/>                <\/div>\n            <\/a>\n        \n        <div class=\"bg-white text-dark d-flex flex-column flex-grow-1 p-20 p-md-30\">\n\n            <h4 class=\"text-dark font-weight-bold mb-10\">\n                Vacances d&rsquo;\u00e9t\u00e9 2026            <\/h4>\n\n            <div class=\"my-10 text-secondary font-weight-bold small\">\n                <i class=\"fas fa-calendar-alt mr-1\"><\/i>\n                15\/06\/2026            <\/div>\n\n            <p>\n                                    Domspro ferme ses portes pendant les cong\u00e9s de la construction. Consultez les dates de fermeture de nos filiales.                                <a class=\"d-inline text-dark font-weight-bold\" href=\"https:\/\/www.domspro.eu\/fr\/news\/vacances-dete-2026\/\">\n                    Lire plus                <\/a>\n            <\/p>\n\n        <\/div>\n    <\/div>\n<\/div>\n<div class=\"col-12 col-md-6 col-lg-4 mb-20 mb-md-30\">\n    <div class=\"shadow d-flex flex-column b-news-items__item\">\n                    <a class=\"min-height-1\" href=\"https:\/\/www.domspro.eu\/fr\/news\/conge-de-noel-2025\/\">\n                <div class=\"overflow-hidden\">\n                    <img loading=\"lazy\" decoding=\"async\" width=\"800\" height=\"600\" src=\"https:\/\/www.domspro.eu\/wp-content\/uploads\/2025\/12\/Uitgelichte-afbeelding-nieuws-800x600.png\" class=\"w-100 img-fluid wp-post-image\" alt=\"&lt;?= ; ?&gt;\" srcset=\"https:\/\/www.domspro.eu\/wp-content\/uploads\/2025\/12\/Uitgelichte-afbeelding-nieuws-800x600.png 800w, https:\/\/www.domspro.eu\/wp-content\/uploads\/2025\/12\/Uitgelichte-afbeelding-nieuws-1600x1200.png 1600w, https:\/\/www.domspro.eu\/wp-content\/uploads\/2025\/12\/Uitgelichte-afbeelding-nieuws-400x300.png 400w\" sizes=\"auto, (max-width: 800px) 100vw, 800px\" \/>                <\/div>\n            <\/a>\n        \n        <div class=\"bg-white text-dark d-flex flex-column flex-grow-1 p-20 p-md-30\">\n\n            <h4 class=\"text-dark font-weight-bold mb-10\">\n                Cong\u00e9 de No\u00ebl 2025            <\/h4>\n\n            <div class=\"my-10 text-secondary font-weight-bold small\">\n                <i class=\"fas fa-calendar-alt mr-1\"><\/i>\n                10\/12\/2025            <\/div>\n\n            <p>\n                                    Consultez les dates de fermeture de nos filiales ici. Toute l\u2019\u00e9quipe de Domspro vous souhaite ses meilleurs v\u0153ux pour 2026 !                                <a class=\"d-inline text-dark font-weight-bold\" href=\"https:\/\/www.domspro.eu\/fr\/news\/conge-de-noel-2025\/\">\n                    Lire plus                <\/a>\n            <\/p>\n\n        <\/div>\n    <\/div>\n<\/div>\n<div class=\"col-12 col-md-6 col-lg-4 mb-20 mb-md-30\">\n    <div class=\"shadow d-flex flex-column b-news-items__item\">\n                    <a class=\"min-height-1\" href=\"https:\/\/www.domspro.eu\/fr\/news\/vacances-dete-2025\/\">\n                <div class=\"overflow-hidden\">\n                    <img loading=\"lazy\" decoding=\"async\" width=\"800\" height=\"600\" src=\"https:\/\/www.domspro.eu\/wp-content\/uploads\/2024\/05\/vignette-summer-800x600.webp\" class=\"w-100 img-fluid wp-post-image\" alt=\"&lt;?= ; ?&gt;\" srcset=\"https:\/\/www.domspro.eu\/wp-content\/uploads\/2024\/05\/vignette-summer-800x600.webp 800w, https:\/\/www.domspro.eu\/wp-content\/uploads\/2024\/05\/vignette-summer-1600x1200.webp 1600w, https:\/\/www.domspro.eu\/wp-content\/uploads\/2024\/05\/vignette-summer-400x300.webp 400w, https:\/\/www.domspro.eu\/wp-content\/uploads\/2024\/05\/vignette-summer-290x218.webp 290w, https:\/\/www.domspro.eu\/wp-content\/uploads\/2024\/05\/vignette-summer.webp 600w\" sizes=\"auto, (max-width: 800px) 100vw, 800px\" \/>                <\/div>\n            <\/a>\n        \n        <div class=\"bg-white text-dark d-flex flex-column flex-grow-1 p-20 p-md-30\">\n\n            <h4 class=\"text-dark font-weight-bold mb-10\">\n                Vacances d&rsquo;\u00e9t\u00e9 2025            <\/h4>\n\n            <div class=\"my-10 text-secondary font-weight-bold small\">\n                <i class=\"fas fa-calendar-alt mr-1\"><\/i>\n                25\/06\/2025            <\/div>\n\n            <p>\n                                    Domspro ferme ses portes pendant la p\u00e9riode estivale. Consultez les dates de fermeture de nos filiales.                                <a class=\"d-inline text-dark font-weight-bold\" href=\"https:\/\/www.domspro.eu\/fr\/news\/vacances-dete-2025\/\">\n                    Lire plus                <\/a>\n            <\/p>\n\n        <\/div>\n    <\/div>\n<\/div>        <\/div>\n\n                    <div class=\"row mt-10\">\n                <div class=\"col-12 text-left\">\n                    <a class=\"btn btn-primary\" href=\"https:\/\/www.domspro.eu\/fr\/news\/\" target=\"\">\n                        <i class=\"fas fa-arrow-right mr-1\"><\/i>\n                        Voir toutes les news                    <\/a>\n                <\/div>\n            <\/div>\n        \n                    \n    <\/div>\n<\/section>","protected":false},"excerpt":{"rendered":"<p>Ach\u00e8te en ligne et c\u00e9l\u00e8bre avec nous l&rsquo;ouverture de notre webshop. L&rsquo;as-tu d\u00e9j\u00e0 test\u00e9 ?<\/p>\n","protected":false},"featured_media":5254,"template":"","category_news":[],"class_list":["post-5059","cpt_news","type-cpt_news","status-publish","has-post-thumbnail","hentry"],"acf":[],"yoast_head":"<!-- This site is optimized with the Yoast SEO plugin v28.0 - https:\/\/yoast.com\/product\/yoast-seo-wordpress\/ -->\n<title>Levons nos verres au nouveau webshop ! | DomsPro<\/title>\n<meta name=\"description\" content=\"D\u00e9couvrez notre nouveau webshop ! Pour la premi\u00e8re commande : 1% de r\u00e9duction + une bouteille de vin gratuite \u2192 shop.domspro.eu.\" \/>\n<meta name=\"robots\" content=\"index, follow, max-snippet:-1, max-image-preview:large, max-video-preview:-1\" \/>\n<link rel=\"canonical\" href=\"https:\/\/www.domspro.eu\/fr\/news\/levons-nos-verres-au-nouveau-webshop\/\" \/>\n<meta property=\"og:locale\" content=\"fr_FR\" \/>\n<meta property=\"og:type\" content=\"article\" \/>\n<meta property=\"og:title\" content=\"Levons nos verres au nouveau webshop ! | DomsPro\" \/>\n<meta property=\"og:description\" content=\"D\u00e9couvrez notre nouveau webshop ! Pour la premi\u00e8re commande : 1% de r\u00e9duction + une bouteille de vin gratuite \u2192 shop.domspro.eu.\" \/>\n<meta property=\"og:url\" content=\"https:\/\/www.domspro.eu\/fr\/news\/levons-nos-verres-au-nouveau-webshop\/\" \/>\n<meta property=\"og:site_name\" content=\"DomsPro\" \/>\n<meta property=\"article:modified_time\" content=\"2024-02-21T08:06:47+00:00\" \/>\n<meta property=\"og:image\" content=\"https:\/\/www.domspro.eu\/wp-content\/uploads\/2023\/11\/vignette-webshop-NL.jpg\" \/>\n\t<meta property=\"og:image:width\" content=\"500\" \/>\n\t<meta property=\"og:image:height\" content=\"375\" \/>\n\t<meta property=\"og:image:type\" content=\"image\/jpeg\" \/>\n<meta name=\"twitter:card\" content=\"summary_large_image\" \/>\n<script type=\"application\/ld+json\" class=\"yoast-schema-graph\">{\"@context\":\"https:\\\/\\\/schema.org\",\"@graph\":[{\"@type\":\"WebPage\",\"@id\":\"https:\\\/\\\/www.domspro.eu\\\/fr\\\/news\\\/levons-nos-verres-au-nouveau-webshop\\\/\",\"url\":\"https:\\\/\\\/www.domspro.eu\\\/fr\\\/news\\\/levons-nos-verres-au-nouveau-webshop\\\/\",\"name\":\"Levons nos verres au nouveau webshop ! | DomsPro\",\"isPartOf\":{\"@id\":\"https:\\\/\\\/www.domspro.eu\\\/#website\"},\"primaryImageOfPage\":{\"@id\":\"https:\\\/\\\/www.domspro.eu\\\/fr\\\/news\\\/levons-nos-verres-au-nouveau-webshop\\\/#primaryimage\"},\"image\":{\"@id\":\"https:\\\/\\\/www.domspro.eu\\\/fr\\\/news\\\/levons-nos-verres-au-nouveau-webshop\\\/#primaryimage\"},\"thumbnailUrl\":\"https:\\\/\\\/www.domspro.eu\\\/wp-content\\\/uploads\\\/2023\\\/11\\\/vignette-webshop-NL.jpg\",\"datePublished\":\"2023-11-07T08:29:10+00:00\",\"dateModified\":\"2024-02-21T08:06:47+00:00\",\"description\":\"D\u00e9couvrez notre nouveau webshop ! Pour la premi\u00e8re commande : 1% de r\u00e9duction + une bouteille de vin gratuite \u2192 shop.domspro.eu.\",\"breadcrumb\":{\"@id\":\"https:\\\/\\\/www.domspro.eu\\\/fr\\\/news\\\/levons-nos-verres-au-nouveau-webshop\\\/#breadcrumb\"},\"inLanguage\":\"fr-FR\",\"potentialAction\":[{\"@type\":\"ReadAction\",\"target\":[\"https:\\\/\\\/www.domspro.eu\\\/fr\\\/news\\\/levons-nos-verres-au-nouveau-webshop\\\/\"]}]},{\"@type\":\"ImageObject\",\"inLanguage\":\"fr-FR\",\"@id\":\"https:\\\/\\\/www.domspro.eu\\\/fr\\\/news\\\/levons-nos-verres-au-nouveau-webshop\\\/#primaryimage\",\"url\":\"https:\\\/\\\/www.domspro.eu\\\/wp-content\\\/uploads\\\/2023\\\/11\\\/vignette-webshop-NL.jpg\",\"contentUrl\":\"https:\\\/\\\/www.domspro.eu\\\/wp-content\\\/uploads\\\/2023\\\/11\\\/vignette-webshop-NL.jpg\",\"width\":500,\"height\":375,\"caption\":\"C\u00e9l\u00e9brons ensemble le webshop\"},{\"@type\":\"BreadcrumbList\",\"@id\":\"https:\\\/\\\/www.domspro.eu\\\/fr\\\/news\\\/levons-nos-verres-au-nouveau-webshop\\\/#breadcrumb\",\"itemListElement\":[{\"@type\":\"ListItem\",\"position\":1,\"name\":\"Home\",\"item\":\"https:\\\/\\\/www.domspro.eu\\\/fr\\\/\"},{\"@type\":\"ListItem\",\"position\":2,\"name\":\"Levons nos verres au nouveau webshop !\"}]},{\"@type\":\"WebSite\",\"@id\":\"https:\\\/\\\/www.domspro.eu\\\/#website\",\"url\":\"https:\\\/\\\/www.domspro.eu\\\/\",\"name\":\"DomsPro\",\"description\":\"Buitenaanleg voor de professional\",\"potentialAction\":[{\"@type\":\"SearchAction\",\"target\":{\"@type\":\"EntryPoint\",\"urlTemplate\":\"https:\\\/\\\/www.domspro.eu\\\/?s={search_term_string}\"},\"query-input\":{\"@type\":\"PropertyValueSpecification\",\"valueRequired\":true,\"valueName\":\"search_term_string\"}}],\"inLanguage\":\"fr-FR\"}]}<\/script>\n<!-- \/ Yoast SEO plugin. -->","yoast_head_json":{"title":"Levons nos verres au nouveau webshop ! | DomsPro","description":"D\u00e9couvrez notre nouveau webshop ! Pour la premi\u00e8re commande : 1% de r\u00e9duction + une bouteille de vin gratuite \u2192 shop.domspro.eu.","robots":{"index":"index","follow":"follow","max-snippet":"max-snippet:-1","max-image-preview":"max-image-preview:large","max-video-preview":"max-video-preview:-1"},"canonical":"https:\/\/www.domspro.eu\/fr\/news\/levons-nos-verres-au-nouveau-webshop\/","og_locale":"fr_FR","og_type":"article","og_title":"Levons nos verres au nouveau webshop ! | DomsPro","og_description":"D\u00e9couvrez notre nouveau webshop ! Pour la premi\u00e8re commande : 1% de r\u00e9duction + une bouteille de vin gratuite \u2192 shop.domspro.eu.","og_url":"https:\/\/www.domspro.eu\/fr\/news\/levons-nos-verres-au-nouveau-webshop\/","og_site_name":"DomsPro","article_modified_time":"2024-02-21T08:06:47+00:00","og_image":[{"width":500,"height":375,"url":"https:\/\/www.domspro.eu\/wp-content\/uploads\/2023\/11\/vignette-webshop-NL.jpg","type":"image\/jpeg"}],"twitter_card":"summary_large_image","schema":{"@context":"https:\/\/schema.org","@graph":[{"@type":"WebPage","@id":"https:\/\/www.domspro.eu\/fr\/news\/levons-nos-verres-au-nouveau-webshop\/","url":"https:\/\/www.domspro.eu\/fr\/news\/levons-nos-verres-au-nouveau-webshop\/","name":"Levons nos verres au nouveau webshop ! | DomsPro","isPartOf":{"@id":"https:\/\/www.domspro.eu\/#website"},"primaryImageOfPage":{"@id":"https:\/\/www.domspro.eu\/fr\/news\/levons-nos-verres-au-nouveau-webshop\/#primaryimage"},"image":{"@id":"https:\/\/www.domspro.eu\/fr\/news\/levons-nos-verres-au-nouveau-webshop\/#primaryimage"},"thumbnailUrl":"https:\/\/www.domspro.eu\/wp-content\/uploads\/2023\/11\/vignette-webshop-NL.jpg","datePublished":"2023-11-07T08:29:10+00:00","dateModified":"2024-02-21T08:06:47+00:00","description":"D\u00e9couvrez notre nouveau webshop ! Pour la premi\u00e8re commande : 1% de r\u00e9duction + une bouteille de vin gratuite \u2192 shop.domspro.eu.","breadcrumb":{"@id":"https:\/\/www.domspro.eu\/fr\/news\/levons-nos-verres-au-nouveau-webshop\/#breadcrumb"},"inLanguage":"fr-FR","potentialAction":[{"@type":"ReadAction","target":["https:\/\/www.domspro.eu\/fr\/news\/levons-nos-verres-au-nouveau-webshop\/"]}]},{"@type":"ImageObject","inLanguage":"fr-FR","@id":"https:\/\/www.domspro.eu\/fr\/news\/levons-nos-verres-au-nouveau-webshop\/#primaryimage","url":"https:\/\/www.domspro.eu\/wp-content\/uploads\/2023\/11\/vignette-webshop-NL.jpg","contentUrl":"https:\/\/www.domspro.eu\/wp-content\/uploads\/2023\/11\/vignette-webshop-NL.jpg","width":500,"height":375,"caption":"C\u00e9l\u00e9brons ensemble le webshop"},{"@type":"BreadcrumbList","@id":"https:\/\/www.domspro.eu\/fr\/news\/levons-nos-verres-au-nouveau-webshop\/#breadcrumb","itemListElement":[{"@type":"ListItem","position":1,"name":"Home","item":"https:\/\/www.domspro.eu\/fr\/"},{"@type":"ListItem","position":2,"name":"Levons nos verres au nouveau webshop !"}]},{"@type":"WebSite","@id":"https:\/\/www.domspro.eu\/#website","url":"https:\/\/www.domspro.eu\/","name":"DomsPro","description":"Buitenaanleg voor de professional","potentialAction":[{"@type":"SearchAction","target":{"@type":"EntryPoint","urlTemplate":"https:\/\/www.domspro.eu\/?s={search_term_string}"},"query-input":{"@type":"PropertyValueSpecification","valueRequired":true,"valueName":"search_term_string"}}],"inLanguage":"fr-FR"}]}},"_links":{"self":[{"href":"https:\/\/www.domspro.eu\/fr\/wp-json\/wp\/v2\/cpt_news\/5059","targetHints":{"allow":["GET"]}}],"collection":[{"href":"https:\/\/www.domspro.eu\/fr\/wp-json\/wp\/v2\/cpt_news"}],"about":[{"href":"https:\/\/www.domspro.eu\/fr\/wp-json\/wp\/v2\/types\/cpt_news"}],"version-history":[{"count":0,"href":"https:\/\/www.domspro.eu\/fr\/wp-json\/wp\/v2\/cpt_news\/5059\/revisions"}],"wp:featuredmedia":[{"embeddable":true,"href":"https:\/\/www.domspro.eu\/fr\/wp-json\/wp\/v2\/media\/5254"}],"wp:attachment":[{"href":"https:\/\/www.domspro.eu\/fr\/wp-json\/wp\/v2\/media?parent=5059"}],"wp:term":[{"taxonomy":"category_news","embeddable":true,"href":"https:\/\/www.domspro.eu\/fr\/wp-json\/wp\/v2\/category_news?post=5059"}],"curies":[{"name":"wp","href":"https:\/\/api.w.org\/{rel}","templated":true}]}}